{"id":95198,"date":"2021-03-13T05:49:54","date_gmt":"2021-03-13T05:49:54","guid":{"rendered":"https:\/\/dimensionturistica.com\/es\/?p=95198"},"modified":"2021-03-13T05:49:54","modified_gmt":"2021-03-13T05:49:54","slug":"una-semana-santa-de-chichinabo","status":"publish","type":"post","link":"https:\/\/dimensionturistica.com\/es\/una-semana-santa-de-chichinabo\/","title":{"rendered":"Una Semana Santa de chichinabo"},"content":{"rendered":"<p> <br \/>\n<\/p>\n<div id=\"textoNoticia\" itemprop=\"articleBody\">\n<p>Las autoridades sanitarias tanto espa\u00f1olas como de Baleares no han tenido reparo alguno en los \u00faltimos d\u00edas en reconocer que algunas de las restricciones que nos van a aplicar durante la Semana Santa son \u201ca veces, dif\u00edciles de explicar por sus aparentes incongruencias\u201d. Y as\u00ed es, un buen paquete de incongruencias que nos vamos a tener que comer con patatas durante la Semana Santa. Ese periodo vacacional que ya d\u00e1bamos todos por perdido en lo econ\u00f3mico desde hace d\u00edas.<\/p>\n<p>El mensaje ha calado: hay que renunciar a la Semana Santa para poder arrancar fuertes la temporada de verano. Sin embargo, en una Mallorca ya en zona de \u00edndice bajo de contagio por coronavirus vamos a asistir a una serie de pruebas de laboratorio que no tienen muy buena pinta y que realmente no van a sacar a nadie de la ruina.<\/p>\n<p>Baleares y Canarias van a poder recibir turistas extranjeros pero los espa\u00f1oles tendr\u00e1n las puertas cerradas. Aunque vengan de Extremadura, Comunidad con un \u00edndice a\u00fan m\u00e1s bajo que el isle\u00f1o. Eso s\u00ed, podr\u00e1n venir turistas europeos aunque en sus zonas de residencia las incidencias sean mayores que aqu\u00ed. Aqu\u00ed es donde asistiremos -una vez m\u00e1s- al lamento cuando comprobemos lo poco exhaustivo de los controles que se realizar\u00e1n en Son Sant Joan para comprobar si los visitantes tienen una PCR negativa en tiempo y forma. Lo veremos.<\/p>\n<p>Hist\u00f3ricamente en Mallorca la Semana Santa no es m\u00e1s que el \u2018calentamiento\u2019 de cara a la temporada tur\u00edstica. Ya sabe usted que dependiendo de las fechas en las que caiga la semana de pasi\u00f3n muchos hoteles ni siquiera optan por abrir sus establecimientos. Por tanto, esta Semana Santa, con el leve flujo de visitantes que va aportar, parece que se presenta m\u00e1s como un riesgo que como una bendici\u00f3n. Doy margen a equivocarme y ojal\u00e1 sea as\u00ed.<\/p>\n<p>Los turistas que contraten Mallorca para su Semana Santa, lleguen a la isla y tengan la suerte de que el tiempo acompa\u00f1e se encontrar\u00e1n con un destino irreconocible y con m\u00faltiples contradicciones. Podr\u00e1n ir a comprar a un centro comercial ya con apertura permitida por muchos clientes que haya en su inside pero vivir\u00e1n restricciones en la playa.<\/p>\n<p>Esos mismos turistas comprobar\u00e1n que la oferta de ocio es min\u00fascula de d\u00eda e inexistente de noche. Tanto es as\u00ed, que el Govern no piensa revisar el cierre de bares y restaurantes a las 17.00 horas hasta despu\u00e9s de Pascua. Y aqu\u00ed encontramos la otra \u2019gracia\u2019 de la situaci\u00f3n: podr\u00e1n desayunar y almorzar en un restaurante (si hay mesa libre por las restricciones de ocupaci\u00f3n de terrazas e interiores) pero a partir de las 17.00 horas llegar\u00e1 el fin del mundo.<\/p>\n<p>Es decir, obligados todos a cenar en el resort. No tendr\u00e1n otra opci\u00f3n.<\/p>\n<p>Buena noticia para los hoteleros, muy mala para bares y restaurantes que llevan un a\u00f1o de miedo. Seguro que los hoteles dispondr\u00e1n en sus comedores las mejores medidas de seguridad y seguro tambi\u00e9n que establecer\u00e1n protocolos extremos en materia sanitaria. Lo doy por hecho. Pero tambi\u00e9n doy por hecho que cualquier bar o restaurante los dispondr\u00eda con la misma profesionalidad.<\/p>\n<p>Otra vez, unos s\u00ed y otros no. <\/p>\n<p>Todo esto en cuanto a los turistas. Sin embargo, lo que s\u00ed es realmente dif\u00edcil de explicar es que dos parejas de amigos no convivientes puedan tomarse tranquila y legalmente una ca\u00f1a o comer en una terraza y despu\u00e9s, durante la Semana Santa, no puedan cenar juntos en casa de alguna de las parejas.<\/p>\n<p>Medidas de chichinabo. Sea como sea, a portarse bien y con prudencia porque lo de verdad, la recuperaci\u00f3n de todo, tiene que llegar en mayo.<\/p>\n<\/div>\n<p><script>(function(d, s, id) {\nvar js, fjs = d.getElementsByTagName(s)[0];\nif (d.getElementById(id)) return;\njs = d.createElement(s); js.id = id;\njs.src=\"https:\/\/connect.facebook.net\/es_ES\/sdk.js#xfbml=1&version=v2.4&appId=559586777490068\";\nfjs.parentNode.insertBefore(js, fjs);\n}(document, 'script', 'facebook-jssdk'));<\/script><br \/>\n<br \/><\/p>\n<p><em> &#8221; Fuentes www.mallorcadiario.com &#8221; <\/em><\/p>\n","protected":false},"excerpt":{"rendered":"<p>Las autoridades sanitarias tanto espa\u00f1olas como de Baleares no han tenido reparo alguno en los \u00faltimos d\u00edas en reconocer que algunas de las restricciones que nos van a aplicar durante la Semana Santa son \u201ca veces, dif\u00edciles de explicar por sus aparentes incongruencias\u201d. Y as\u00ed es, un buen paquete de incongruencias que nos vamos a [&hellip;]<\/p>\n","protected":false},"author":4,"featured_media":95199,"comment_status":"open","ping_status":"closed","sticky":false,"template":"","format":"standard","meta":{"om_disable_all_campaigns":false,"jnews-multi-image_gallery":[],"jnews_single_post":[],"jnews_primary_category":[],"jnews_social_meta":[],"footnotes":""},"categories":[39],"tags":[19699,3813,2849],"class_list":["post-95198","post","type-post","status-publish","format-standard","has-post-thumbnail","hentry","category-viajes","tag-chichinabo","tag-santa","tag-semana"],"_links":{"self":[{"href":"https:\/\/dimensionturistica.com\/es\/wp-json\/wp\/v2\/posts\/95198","targetHints":{"allow":["GET"]}}],"collection":[{"href":"https:\/\/dimensionturistica.com\/es\/wp-json\/wp\/v2\/posts"}],"about":[{"href":"https:\/\/dimensionturistica.com\/es\/wp-json\/wp\/v2\/types\/post"}],"author":[{"embeddable":true,"href":"https:\/\/dimensionturistica.com\/es\/wp-json\/wp\/v2\/users\/4"}],"replies":[{"embeddable":true,"href":"https:\/\/dimensionturistica.com\/es\/wp-json\/wp\/v2\/comments?post=95198"}],"version-history":[{"count":0,"href":"https:\/\/dimensionturistica.com\/es\/wp-json\/wp\/v2\/posts\/95198\/revisions"}],"wp:featuredmedia":[{"embeddable":true,"href":"https:\/\/dimensionturistica.com\/es\/wp-json\/wp\/v2\/media\/95199"}],"wp:attachment":[{"href":"https:\/\/dimensionturistica.com\/es\/wp-json\/wp\/v2\/media?parent=95198"}],"wp:term":[{"taxonomy":"category","embeddable":true,"href":"https:\/\/dimensionturistica.com\/es\/wp-json\/wp\/v2\/categories?post=95198"},{"taxonomy":"post_tag","embeddable":true,"href":"https:\/\/dimensionturistica.com\/es\/wp-json\/wp\/v2\/tags?post=95198"}],"curies":[{"name":"wp","href":"https:\/\/api.w.org\/{rel}","templated":true}]}}