{"id":951547,"date":"2025-03-28T08:18:34","date_gmt":"2025-03-28T08:18:34","guid":{"rendered":"https:\/\/dimensionturistica.com\/es\/?p=951547"},"modified":"2025-03-28T08:18:34","modified_gmt":"2025-03-28T08:18:34","slug":"actualizaciones-para-expertos-en-la-industria-turistica","status":"publish","type":"post","link":"https:\/\/dimensionturistica.com\/es\/actualizaciones-para-expertos-en-la-industria-turistica\/","title":{"rendered":"Actualizaciones para Expertos en la Industria Tur\u00edstica"},"content":{"rendered":"<p><strong>Descubre B-Travel: La Feria que Define el Futuro del Turismo Sostenible en Barcelona<\/strong><\/p>\n<p>Barcelona, la vibrante capital catalana, se convierte esta semana en el epicentro de la innovaci\u00f3n tur\u00edstica con la celebraci\u00f3n de B-Travel, una feria que promete redefinir la forma en que viajamos. Este evento, que tiene lugar del 21 al 23 de abril, se centra en el turismo sostenible, un enfoque que cada vez adquiere m\u00e1s relevancia entre los viajeros conscientes.<\/p>\n<p>En un mundo donde el impacto ambiental de nuestras decisiones se vuelve cada vez m\u00e1s cr\u00edtico, B-Travel se posiciona como una plataforma esencial para explorar destinos que priorizan la sostenibilidad. Este a\u00f1o, la feria re\u00fane a m\u00e1s de 300 expositores, incluidos profesionales del sector, empresas de transporte, alojamientos eco-amigables y proveedores de actividades que promueven el respeto hacia el entorno natural.<\/p>\n<p>Los visitantes de B-Travel tendr\u00e1n la oportunidad de participar en diversas charlas y talleres que abordar\u00e1n temas como la reducci\u00f3n de la huella de carbono, el turismo responsable y las mejores pr\u00e1cticas en gesti\u00f3n ambiental. Expertos y l\u00edderes de pensamiento del sector compartir\u00e1n sus experiencias, brindando a los asistentes valiosas herramientas para tomar decisiones informadas durante sus viajes.<\/p>\n<p>Uno de los aspectos m\u00e1s destacados de este evento es el nuevo espacio &quot;Travel Trends&quot;, donde se ofrece un \u00e1rea dedicada a las nuevas tendencias en turismo. Este espacio es ideal para quienes buscan conocer las innovaciones tecnol\u00f3gicas que est\u00e1n transformando la manera en que planificamos y disfrutamos de nuestros viajes. Desde aplicaciones que facilitan el viaje sostenible, hasta propuestas de destinos que integran principios de econom\u00eda circular, B-Travel es un punto de encuentro para los curiosos y los amantes de la aventura.<\/p>\n<p>Adem\u00e1s, la feria se abre a un p\u00fablico m\u00e1s amplio, incluyendo a familias, parejas y grupos de amigos. Habr\u00e1 una variedad de actividades interactivas, centradas en mostrar c\u00f3mo disfrutar de un turismo responsable sin sacrificar la diversi\u00f3n. Los m\u00e1s peque\u00f1os tambi\u00e9n encontrar\u00e1n su espacio, con actividades l\u00fadicas que promueven la conservaci\u00f3n de la naturaleza y la emoci\u00f3n de explorar el mundo.<\/p>\n<p>En un panorama en constante evoluci\u00f3n, el turismo sostenible no es solo una tendencia pasajera, sino una necesidad imperante. Los viajes deben considerar no solo el enriquecimiento personal que nos aportan, sino tambi\u00e9n el legado que dejamos en cada lugar que visitamos. B-Travel se convierte en el motor de este cambio, estimulando a los actores del sector a trabajar en conjunto hacia una industria m\u00e1s verde y responsable.<\/p>\n<p>Si est\u00e1s en Barcelona o planeando un viaje, no te pierdas la oportunidad de visitar esta feria \u00fanica. Sum\u00e9rgete en un entorno que inspira a viajar con conciencia, donde cada oferta y experiencia est\u00e1 dise\u00f1ada para asegurar que tu huella en el planeta sea lo m\u00e1s ligera posible. B-Travel te invita a ser parte de la transformaci\u00f3n del turismo, un viaje hacia un futuro m\u00e1s sostenible comienza aqu\u00ed.<\/p>\n<p><em> &#8221; Sources www.agenttravel.es &#8221; <\/em><\/p>\n<p><em> &#8221; Sources www.agenttravel.es &#8221; <\/em><\/p>\n","protected":false},"excerpt":{"rendered":"<p>Descubre B-Travel: La Feria que Define el Futuro del Turismo Sostenible en Barcelona Barcelona, la vibrante capital catalana, se convierte esta semana en el epicentro de la innovaci\u00f3n tur\u00edstica con la celebraci\u00f3n de B-Travel, una feria que promete redefinir la forma en que viajamos. Este evento, que tiene lugar del 21 al 23 de abril, [&hellip;]<\/p>\n","protected":false},"author":4,"featured_media":951548,"comment_status":"open","ping_status":"closed","sticky":false,"template":"","format":"standard","meta":{"om_disable_all_campaigns":false,"jnews-multi-image_gallery":[],"jnews_single_post":[],"jnews_primary_category":[],"jnews_social_meta":[],"footnotes":""},"categories":[40],"tags":[1181,569,21191,9288,47338,47339,715,1289,547,47340,39936,6942,705,21552,47337,773,2539,26265,5794,4020,18737,2182,544,1488,545],"class_list":["post-951547","post","type-post","status-publish","format-standard","has-post-thumbnail","hentry","category-industria","tag-agencia-de-viajes","tag-agencias-de-viajes","tag-agente-de-viajes","tag-companias-aereas","tag-diario-de-turismo","tag-diario-turistico","tag-economia","tag-hoteles","tag-informacion","tag-informacion-de-turismo","tag-informacion-turistica","tag-mayoristas","tag-noticias","tag-noticias-de-turismo","tag-noticias-turisticas","tag-opinion","tag-profesionales","tag-rent-a-car","tag-sector-aereo","tag-sector-turistico","tag-seguros-de-viaje","tag-tendencias","tag-turismo","tag-turoperadores","tag-viajes"],"_links":{"self":[{"href":"https:\/\/dimensionturistica.com\/es\/wp-json\/wp\/v2\/posts\/951547","targetHints":{"allow":["GET"]}}],"collection":[{"href":"https:\/\/dimensionturistica.com\/es\/wp-json\/wp\/v2\/posts"}],"about":[{"href":"https:\/\/dimensionturistica.com\/es\/wp-json\/wp\/v2\/types\/post"}],"author":[{"embeddable":true,"href":"https:\/\/dimensionturistica.com\/es\/wp-json\/wp\/v2\/users\/4"}],"replies":[{"embeddable":true,"href":"https:\/\/dimensionturistica.com\/es\/wp-json\/wp\/v2\/comments?post=951547"}],"version-history":[{"count":0,"href":"https:\/\/dimensionturistica.com\/es\/wp-json\/wp\/v2\/posts\/951547\/revisions"}],"wp:featuredmedia":[{"embeddable":true,"href":"https:\/\/dimensionturistica.com\/es\/wp-json\/wp\/v2\/media\/951548"}],"wp:attachment":[{"href":"https:\/\/dimensionturistica.com\/es\/wp-json\/wp\/v2\/media?parent=951547"}],"wp:term":[{"taxonomy":"category","embeddable":true,"href":"https:\/\/dimensionturistica.com\/es\/wp-json\/wp\/v2\/categories?post=951547"},{"taxonomy":"post_tag","embeddable":true,"href":"https:\/\/dimensionturistica.com\/es\/wp-json\/wp\/v2\/tags?post=951547"}],"curies":[{"name":"wp","href":"https:\/\/api.w.org\/{rel}","templated":true}]}}