{"id":95151,"date":"2021-03-13T03:34:02","date_gmt":"2021-03-13T03:34:02","guid":{"rendered":"https:\/\/dimensionturistica.com\/es\/?p=95151"},"modified":"2021-03-13T03:34:02","modified_gmt":"2021-03-13T03:34:02","slug":"el-ko-de-yamil-peralta-para-consagrarse-campeon-argentino-crucero","status":"publish","type":"post","link":"https:\/\/dimensionturistica.com\/es\/el-ko-de-yamil-peralta-para-consagrarse-campeon-argentino-crucero\/","title":{"rendered":"El KO de Yamil Peralta para consagrarse campe\u00f3n argentino crucero"},"content":{"rendered":"<p> <br \/>\n<\/p>\n<div itemprop=\"articleBody\">\n<p>Yamil Alberto Peralta (9-0\/ 4 KO) conquist\u00f3 una nueva corona. <b>El boxeador dos veces ol\u00edmpico se impuso por KO6 a Dar\u00edo Balmaceda (19-20-2\/ 13 KO)<\/b> y <b>le arrebat\u00f3 el t\u00edtulo argentino crucero,<\/b> en Cutral C\u00f3.<\/p>\n<div class=\"related-article\"> <a rel=\"nofollow noopener\" target=\"_blank\" title=\"La Selecci\u00f3n Argentina de boxeo, rumbo a Turqu\u00eda pensando en el Preol\u00edmpico\" href=\"https:\/\/www.tycsports.com\/boxeo\/la-seleccion-argentina-de-boxeo-rumbo-a-turquia-pensando-en-el-preolimpico-id327052.html\">&#13;\n                            <picture><img decoding=\"async\" itemprop=\"image\" src=\"https:\/\/dimensionturistica.com\/es\/wp-content\/uploads\/2021\/03\/El-KO-de-Yamil-Peralta-para-consagrarse-campeon-argentino-crucero.jpg\" alt=\"La Selecci\u00f3n Argentina de boxeo, rumbo a Turqu\u00eda pensando en el Preol\u00edmpico\"\/><\/picture>&#13;<br \/>\n                        <\/a> <\/div>\n<div class=\"related-article\"> <a rel=\"nofollow noopener\" target=\"_blank\" title=\"La Bonita Berm\u00fadez, sobre su pelea contra Amanda Serrano: 'Es una de las m\u00e1s importantes'\" href=\"https:\/\/www.tycsports.com\/boxeo\/boxeo-daniela-bonita-bermudez-amanda-serrano-puerto-rico-id326738.html\">&#13;\n                            <picture><img decoding=\"async\" itemprop=\"image\" src=\"https:\/\/dimensionturistica.com\/es\/wp-content\/uploads\/2021\/03\/1615606441_426_El-KO-de-Yamil-Peralta-para-consagrarse-campeon-argentino-crucero.jpg\" alt=\"La Bonita Berm\u00fadez, sobre su pelea contra Amanda Serrano: \" es=\"\" una=\"\" de=\"\" las=\"\" m=\"\" importantes=\"\"\/><\/picture>&#13;<br \/>\n                        <\/a> <\/div>\n<p>El p\u00fagil de Del Viso, campe\u00f3n sudamericano de la divisi\u00f3n<b>, domin\u00f3 el combate y tir\u00f3 dos veces a su rival en el sexto spherical. <\/b>En la segunda ca\u00edda, Balmaceda puso la rodilla en la lona y mir\u00f3 a la esquina: su entrenador tir\u00f3 la toalla, aunque la cuenta ya hab\u00eda llegado a diez.<\/p>\n<p>Con este resultado<b>, Peralta estir\u00f3 su r\u00e9cord invicto a 9 victorias, 4 por KO. <\/b>Ahora, se enfocar\u00e1 en el Preol\u00edmpico, que se disputar\u00e1 en Buenos Aires en mayo, donde buscar\u00e1 un boleto a los Juegos Ol\u00edmpicos de Tokyo.&#13;    <\/p>\n<p>En el otro combate estelar de la noche, el native Dami\u00e1n Rojas (14-2\/ 10 KO) se impuso por decisi\u00f3n mayoritaria a Walter Leiva (5-3-1\/ 1 KO) y conquist\u00f3 el t\u00edtulo Fedebol -vacante- de la AMB de la categor\u00eda ligero. Las tarjetas fueron 95-95, 96-93 y 95-94 para el Chiva.<\/p>\n<\/p><\/div>\n<p><script>(function(d, s, id) {\n  var js, fjs = d.getElementsByTagName(s)[0];\n  if (d.getElementById(id)) return;\n  js = d.createElement(s); js.id = id;\n  js.src=\"https:\/\/connect.facebook.net\/es_LA\/sdk.js#xfbml=1&version=v4.0&appId=1413290332273590&autoLogAppEvents=1\";\n  fjs.parentNode.insertBefore(js, fjs);\n}(document, 'script', 'facebook-jssdk'));<\/script><script>\n!function(f,b,e,v,n,t,s){if(f.fbq)return;n=f.fbq=function(){n.callMethod?\nn.callMethod.apply(n,arguments):n.queue.push(arguments)};if(!f._fbq)f._fbq=n;\nn.push=n;n.loaded=!0;n.version='2.0';n.queue=[];t=b.createElement(e);t.async=!0;\nt.src=v;s=b.getElementsByTagName(e)[0];s.parentNode.insertBefore(t,s)}(window,\ndocument,'script','https:\/\/connect.facebook.net\/en_US\/fbevents.js');\nfbq('init', '176315226298548', {\nem: 'tycsports.com@gmail.com'\n});\nfbq('track', 'PageView');\n<\/script><br \/>\n<br \/><\/p>\n<p><em> &#8221; Fuentes www.tycsports.com &#8221; <\/em><\/p>\n","protected":false},"excerpt":{"rendered":"<p>Yamil Alberto Peralta (9-0\/ 4 KO) conquist\u00f3 una nueva corona. El boxeador dos veces ol\u00edmpico se impuso por KO6 a Dar\u00edo Balmaceda (19-20-2\/ 13 KO) y le arrebat\u00f3 el t\u00edtulo argentino crucero, en Cutral C\u00f3. &#13; &#13; &#13; &#13; El p\u00fagil de Del Viso, campe\u00f3n sudamericano de la divisi\u00f3n, domin\u00f3 el combate y tir\u00f3 dos [&hellip;]<\/p>\n","protected":false},"author":4,"featured_media":95152,"comment_status":"open","ping_status":"closed","sticky":false,"template":"","format":"standard","meta":{"om_disable_all_campaigns":false,"jnews-multi-image_gallery":[],"jnews_single_post":[],"jnews_primary_category":[],"jnews_social_meta":[],"footnotes":""},"categories":[41],"tags":[611],"class_list":["post-95151","post","type-post","status-publish","format-standard","has-post-thumbnail","hentry","category-cruceros","tag-boxeo"],"_links":{"self":[{"href":"https:\/\/dimensionturistica.com\/es\/wp-json\/wp\/v2\/posts\/95151","targetHints":{"allow":["GET"]}}],"collection":[{"href":"https:\/\/dimensionturistica.com\/es\/wp-json\/wp\/v2\/posts"}],"about":[{"href":"https:\/\/dimensionturistica.com\/es\/wp-json\/wp\/v2\/types\/post"}],"author":[{"embeddable":true,"href":"https:\/\/dimensionturistica.com\/es\/wp-json\/wp\/v2\/users\/4"}],"replies":[{"embeddable":true,"href":"https:\/\/dimensionturistica.com\/es\/wp-json\/wp\/v2\/comments?post=95151"}],"version-history":[{"count":0,"href":"https:\/\/dimensionturistica.com\/es\/wp-json\/wp\/v2\/posts\/95151\/revisions"}],"wp:featuredmedia":[{"embeddable":true,"href":"https:\/\/dimensionturistica.com\/es\/wp-json\/wp\/v2\/media\/95152"}],"wp:attachment":[{"href":"https:\/\/dimensionturistica.com\/es\/wp-json\/wp\/v2\/media?parent=95151"}],"wp:term":[{"taxonomy":"category","embeddable":true,"href":"https:\/\/dimensionturistica.com\/es\/wp-json\/wp\/v2\/categories?post=95151"},{"taxonomy":"post_tag","embeddable":true,"href":"https:\/\/dimensionturistica.com\/es\/wp-json\/wp\/v2\/tags?post=95151"}],"curies":[{"name":"wp","href":"https:\/\/api.w.org\/{rel}","templated":true}]}}