{"id":95136,"date":"2021-03-13T02:23:56","date_gmt":"2021-03-13T02:23:56","guid":{"rendered":"https:\/\/dimensionturistica.com\/es\/?p=95136"},"modified":"2021-03-13T02:23:56","modified_gmt":"2021-03-13T02:23:56","slug":"royal-caribbean-aplaza-para-junio-regreso-de-sus-cruceros","status":"publish","type":"post","link":"https:\/\/dimensionturistica.com\/es\/royal-caribbean-aplaza-para-junio-regreso-de-sus-cruceros\/","title":{"rendered":"Royal Caribbean aplaza para junio regreso de sus cruceros"},"content":{"rendered":"<p> <br \/>\n<\/p>\n<div>\n<p>La <a rel=\"nofollow noopener\" target=\"_blank\" href=\"https:\/\/www.larepublica.net\/noticia\/cada-barco-de-royal-caribbean-aporta-200-mil-a-la-economia-costarricense\">firma de cruceros Royal Caribbean<\/a> anunci\u00f3 este martes que la mayor parte de su flota reanudar\u00e1 operaciones el 1 de junio, un mes m\u00e1s tarde de lo que estaba previsto, debido a la situaci\u00f3n creada por la <a rel=\"nofollow noopener\" target=\"_blank\" href=\"https:\/\/www.larepublica.net\/noticia\/ya-estan-confirmado-el-primer-caso-de-coronavirus-en-costa-rica\">Covid-19<\/a>.<\/p>\n<p>De la decisi\u00f3n est\u00e1n excluidos los barcos Quantum of the Seas y Odyssey of the Seas, as\u00ed como las salidas de China del Spectrum y el Voyager, seg\u00fan un anuncio hecho por la compa\u00f1\u00eda a sus clientes.<\/p>\n<p>Royal Caribbean menciona que sigue haciendo preparativos para \u201cvolver a prestar el servicio\u201d y hacerlo de una manera \u201cimpecable y segura\u201d, por ello, decidi\u00f3 posterga una vez m\u00e1s su regreso al agua.<\/p>\n<p>\n<a rel=\"nofollow noopener\" target=\"_blank\" class=\"leemas\" href=\"https:\/\/www.larepublica.net\/noticia\/prohibicion-para-cruceros-en-estados-unidos-aumenta-la-incertidumbre-sobre-la-industria\"><br \/>\nLea m\u00e1s: Prohibici\u00f3n para cruceros en Estados Unidos aumenta la incertidumbre sobre la industria<br \/>\n<\/a>\n<\/p>\n<p>Un panel de expertos creado para asegurar una navegaci\u00f3n segura est\u00e1 trabajando en contacto con funcionarios del Gobierno y autoridades de salud para establecer \u201cformas pioneras e innovadoras\u201d de guardar el camino de la <a rel=\"nofollow noopener\" target=\"_blank\" href=\"https:\/\/www.larepublica.net\/noticia\/costa-rica-elegido-como-mejor-destino-para-cruceros-en-centroamerica?fbclid=IwAR0ADbtA4msz-h77Cq7tcSi0iDLM_K_f4_FthKNuTV2zw5UjNsXAr0456co\">industria de los cruceros<\/a> en respuesta a la pandemia, agreg\u00f3 la compa\u00f1\u00eda.<\/p>\n<p>Hay tres opciones para los pasajeros afectados: recibir un cr\u00e9dito por el 125 % del valor de los pasajes para reservar un crucero a partir de mayo de 2022, cambiar la fecha o recibir el reembolso del whole pagado.<\/p>\n<p>\n<a rel=\"nofollow noopener\" target=\"_blank\" class=\"leemas\" href=\"https:\/\/www.larepublica.net\/noticia\/todo-lo-que-debe-saber-sobre-el-regreso-de-los-cruceros\"><br \/>\nLea m\u00e1s: Todo lo que debe saber sobre el regreso de los cruceros<br \/>\n<\/a>\n<\/p>\n<p>La industria de cruceros con base en Estados Unidos est\u00e1 paralizada pr\u00e1cticamente desde hace un a\u00f1o, lo que ha significado p\u00e9rdidas millonarias para las empresas y los trabajadores.<\/p>\n<p>La paralizaci\u00f3n del sector en 2020 supuso la p\u00e9rdida de $77 mil millones en actividad econ\u00f3mica a nivel international, de 518 mil empleos y de $23 mil millones en salarios, seg\u00fan la Asociaci\u00f3n Internacional de L\u00edneas de Cruceros (CLIA, por sus siglas en ingl\u00e9s).<\/p>\n<\/div>\n<p><script>\n!function(f,b,e,v,n,t,s){if(f.fbq)return;n=f.fbq=function(){n.callMethod?\nn.callMethod.apply(n,arguments):n.queue.push(arguments)};if(!f._fbq)f._fbq=n;\nn.push=n;n.loaded=!0;n.version='2.0';n.queue=[];t=b.createElement(e);t.async=!0;\nt.src=v;s=b.getElementsByTagName(e)[0];s.parentNode.insertBefore(t,s)}(window,\ndocument,'script','https:\/\/connect.facebook.net\/en_US\/fbevents.js');\nfbq('init', '143267720877988');\nfbq('track', \"PageView\");\n<\/script><script async defer src=\"https:\/\/connect.facebook.net\/en_US\/sdk.js\"><\/script><br \/>\n<br \/><\/p>\n<p><em> &#8221; Fuentes www.larepublica.net &#8221; <\/em><\/p>\n","protected":false},"excerpt":{"rendered":"<p>La firma de cruceros Royal Caribbean anunci\u00f3 este martes que la mayor parte de su flota reanudar\u00e1 operaciones el 1 de junio, un mes m\u00e1s tarde de lo que estaba previsto, debido a la situaci\u00f3n creada por la Covid-19. De la decisi\u00f3n est\u00e1n excluidos los barcos Quantum of the Seas y Odyssey of the Seas, [&hellip;]<\/p>\n","protected":false},"author":4,"featured_media":95137,"comment_status":"open","ping_status":"closed","sticky":false,"template":"","format":"standard","meta":{"om_disable_all_campaigns":false,"jnews-multi-image_gallery":[],"jnews_single_post":[],"jnews_primary_category":[],"jnews_social_meta":[],"footnotes":""},"categories":[41],"tags":[],"class_list":["post-95136","post","type-post","status-publish","format-standard","has-post-thumbnail","hentry","category-cruceros"],"_links":{"self":[{"href":"https:\/\/dimensionturistica.com\/es\/wp-json\/wp\/v2\/posts\/95136","targetHints":{"allow":["GET"]}}],"collection":[{"href":"https:\/\/dimensionturistica.com\/es\/wp-json\/wp\/v2\/posts"}],"about":[{"href":"https:\/\/dimensionturistica.com\/es\/wp-json\/wp\/v2\/types\/post"}],"author":[{"embeddable":true,"href":"https:\/\/dimensionturistica.com\/es\/wp-json\/wp\/v2\/users\/4"}],"replies":[{"embeddable":true,"href":"https:\/\/dimensionturistica.com\/es\/wp-json\/wp\/v2\/comments?post=95136"}],"version-history":[{"count":0,"href":"https:\/\/dimensionturistica.com\/es\/wp-json\/wp\/v2\/posts\/95136\/revisions"}],"wp:featuredmedia":[{"embeddable":true,"href":"https:\/\/dimensionturistica.com\/es\/wp-json\/wp\/v2\/media\/95137"}],"wp:attachment":[{"href":"https:\/\/dimensionturistica.com\/es\/wp-json\/wp\/v2\/media?parent=95136"}],"wp:term":[{"taxonomy":"category","embeddable":true,"href":"https:\/\/dimensionturistica.com\/es\/wp-json\/wp\/v2\/categories?post=95136"},{"taxonomy":"post_tag","embeddable":true,"href":"https:\/\/dimensionturistica.com\/es\/wp-json\/wp\/v2\/tags?post=95136"}],"curies":[{"name":"wp","href":"https:\/\/api.w.org\/{rel}","templated":true}]}}