{"id":95116,"date":"2021-03-13T01:43:25","date_gmt":"2021-03-13T01:43:25","guid":{"rendered":"https:\/\/dimensionturistica.com\/es\/?p=95116"},"modified":"2021-03-13T01:43:25","modified_gmt":"2021-03-13T01:43:25","slug":"cruceros-desean-regresar-en-agosto-a-la-riviera-del-pacifico","status":"publish","type":"post","link":"https:\/\/dimensionturistica.com\/es\/cruceros-desean-regresar-en-agosto-a-la-riviera-del-pacifico\/","title":{"rendered":"Cruceros desean regresar en agosto a la Riviera del Pacifico"},"content":{"rendered":"<p> <br \/>\n<\/p>\n<div>\n<p>Arturo Musi Ganem, presidente de la<a rel=\"nofollow noopener\" target=\"_blank\" title=\"Asociaci\u00f3n Mexicana de Cruceros\" href=\"https:\/\/www.nitu.mx\/index.php\/tag\/asociacion-mexicana-de-cruceros\/\"> Asociaci\u00f3n Mexicana de Cruceros<\/a>, dio a conocer que hay probabilidades de que los cruceros regresen a la <strong>Ruta del Pacifico Mexicano<\/strong> para el mes de agosto, en el tema de las reservaciones dijo estar al tope, significado de que el turismo es fiel a la actividad, adem\u00e1s de est\u00e1s \u00e1vido de viajar.<\/p>\n<p>Explic\u00f3 que hasta ahora, las navieras han anunciado la posibilidad de que en junio reanuden actividades, misma que ser\u00eda de manera paulatina, es decir, empezar\u00edan poco a poco operando, la<strong> zona de El Caribe<\/strong> ser\u00eda de una las primeras.<\/p>\n<p>Detall\u00f3 que en el caso del<strong> Princess, Holland, Carnivale<\/strong>, entre otras l\u00edneas navieras que operan la ruta de la Riviera Mexicana posiblemente retornen en agosto o septiembre:<\/p>\n<blockquote><p>&#13;<\/p>\n<p>\u201cPrimero tienen que pasar los estrictos protocolos que dispusieron las autoridades de los Estados Unidos\u201d.<\/p>\n<p>&#13;\n<\/p><\/blockquote>\n<p>Recalc\u00f3 que<strong> en el tema de la vacunaci\u00f3n el pa\u00eds vecino va muy adelantado<\/strong>, debido a que el gobierno de los Estados Unidos estableci\u00f3 como meta tener vacunada a toda la poblaci\u00f3n lo m\u00e1s pronto posible:<\/p>\n<blockquote><p>&#13;<\/p>\n<p>\u201cEl que se consider\u00e9 reactivar los cruceros, es una luz verde para que se reinicie la operatividad de los cruceros, desde luego con gente que est\u00e9 vacunada, lo que ser\u00eda una luz en la oscuridad del t\u00fanel\u201d.<\/p>\n<p>&#13;\n<\/p><\/blockquote>\n<p>Puntualiz\u00f3 que, en el tema de las reservaciones, los cruceristas han sido muy insistentes en obtener una fecha para viajar:<\/p>\n<blockquote><p>&#13;<\/p>\n<p>\u201cSe hab\u00eda dicho que en abril se reanudar\u00eda la actividad, de ah\u00ed se pas\u00f3 a mayo y ahora la pasan para junio, por lo que todos los barcos que vienen al destino ya est\u00e1n a \u201cfull\u201d, incluso las navieras tienen que negociar con los turistas sobre una extensi\u00f3n en sus reservaciones, ofreci\u00e9ndoles ciertos beneficios para que sigan esperando\u201d.<\/p>\n<p>&#13;\n<\/p><\/blockquote>\n<p>Concluy\u00f3 diciendo que <strong>el turismo est\u00e1 desesperado, tiene ganas de viajar, as\u00ed que el crucerista est\u00e1 a la espera<\/strong> de que la actividad se reanude para subirse a un barco, \u201cestamos esperando a que esto ya vuelva a la normalidad\u201d.<\/p>\n<p>\u00a0<\/p>\n<p><span style=\"font-size: 10pt; color: #95a5a6;\">Foto: Archivo<\/span><\/p>\n<\/div>\n\n<p><em> &#8221; Fuentes tribunadelapaz.com &#8221; <\/em><\/p>\n","protected":false},"excerpt":{"rendered":"<p>Arturo Musi Ganem, presidente de la Asociaci\u00f3n Mexicana de Cruceros, dio a conocer que hay probabilidades de que los cruceros regresen a la Ruta del Pacifico Mexicano para el mes de agosto, en el tema de las reservaciones dijo estar al tope, significado de que el turismo es fiel a la actividad, adem\u00e1s de est\u00e1s [&hellip;]<\/p>\n","protected":false},"author":4,"featured_media":95117,"comment_status":"open","ping_status":"closed","sticky":false,"template":"","format":"standard","meta":{"om_disable_all_campaigns":false,"jnews-multi-image_gallery":[],"jnews_single_post":[],"jnews_primary_category":[],"jnews_social_meta":[],"footnotes":""},"categories":[41],"tags":[],"class_list":["post-95116","post","type-post","status-publish","format-standard","has-post-thumbnail","hentry","category-cruceros"],"_links":{"self":[{"href":"https:\/\/dimensionturistica.com\/es\/wp-json\/wp\/v2\/posts\/95116","targetHints":{"allow":["GET"]}}],"collection":[{"href":"https:\/\/dimensionturistica.com\/es\/wp-json\/wp\/v2\/posts"}],"about":[{"href":"https:\/\/dimensionturistica.com\/es\/wp-json\/wp\/v2\/types\/post"}],"author":[{"embeddable":true,"href":"https:\/\/dimensionturistica.com\/es\/wp-json\/wp\/v2\/users\/4"}],"replies":[{"embeddable":true,"href":"https:\/\/dimensionturistica.com\/es\/wp-json\/wp\/v2\/comments?post=95116"}],"version-history":[{"count":0,"href":"https:\/\/dimensionturistica.com\/es\/wp-json\/wp\/v2\/posts\/95116\/revisions"}],"wp:featuredmedia":[{"embeddable":true,"href":"https:\/\/dimensionturistica.com\/es\/wp-json\/wp\/v2\/media\/95117"}],"wp:attachment":[{"href":"https:\/\/dimensionturistica.com\/es\/wp-json\/wp\/v2\/media?parent=95116"}],"wp:term":[{"taxonomy":"category","embeddable":true,"href":"https:\/\/dimensionturistica.com\/es\/wp-json\/wp\/v2\/categories?post=95116"},{"taxonomy":"post_tag","embeddable":true,"href":"https:\/\/dimensionturistica.com\/es\/wp-json\/wp\/v2\/tags?post=95116"}],"curies":[{"name":"wp","href":"https:\/\/api.w.org\/{rel}","templated":true}]}}