{"id":951066,"date":"2025-03-27T12:30:26","date_gmt":"2025-03-27T12:30:26","guid":{"rendered":"https:\/\/dimensionturistica.com\/es\/?p=951066"},"modified":"2025-03-27T12:30:26","modified_gmt":"2025-03-27T12:30:26","slug":"informacion-actualizada-para-profesionales-del-sector-turistico-7","status":"publish","type":"post","link":"https:\/\/dimensionturistica.com\/es\/informacion-actualizada-para-profesionales-del-sector-turistico-7\/","title":{"rendered":"Informaci\u00f3n Actualizada para Profesionales del Sector Tur\u00edstico"},"content":{"rendered":"<p><strong>Crecimiento en las Reservas Tur\u00edsticas: Semana Santa se Presenta con Expectativas Positivas<\/strong><\/p>\n<p>A medida que se acerca la Semana Santa, la temporada de turismo por excelencia en muchas partes del mundo, las previsiones para este a\u00f1o son optimistas. Las agencias de viajes est\u00e1n registrando un notable incremento en las reservas, que se estima se sit\u00fae entre un 10% y un 15% en comparaci\u00f3n con a\u00f1os anteriores. Este crecimiento se atribuye a una serie de factores que apuntan a la recuperaci\u00f3n del sector tur\u00edstico tras los desaf\u00edos impuestos por la pandemia y otros eventos globales.<\/p>\n<p>El deseo de los viajeros de redescubrir nuevas culturas y disfrutar de nuevas experiencias se ha intensificado. La Semana Santa, conocida por sus impresionantes tradiciones y celebraciones en diferentes pa\u00edses, se presenta como una oportunidad ideal para aquellos que buscan escapar de la rutina diaria. Desde las majestuosas procesiones en Espa\u00f1a hasta las coloridas festividades en Am\u00e9rica Latina, cada destino ofrece un encanto \u00fanico que atrae tanto a los locales como a los turistas internacionales.<\/p>\n<p>Uno de los fen\u00f3menos m\u00e1s destacados de este aumento en las reservas es el repunte en los viajes familiares. Muchas familias est\u00e1n aprovechando la ocasi\u00f3n para unir la celebraci\u00f3n de las tradiciones con momentos de convivencia y exploraci\u00f3n. As\u00ed, destinos hist\u00f3ricos y ciudades emblem\u00e1ticas se preparan para recibir a un mayor n\u00famero de visitantes, lo que a su vez impulsa la econom\u00eda local y genera un ambiente festivo.<\/p>\n<p>En este contexto, es esencial destacar la importancia de la planificaci\u00f3n anticipada. Los viajeros que deseen disfrutar de las mejores ofertas y asegurar su alojamiento adecuado deben actuar con rapidez. Las aerol\u00edneas y los hoteles ya est\u00e1n adaptando sus ofertas para atraer a estos turistas, lo que significa que las pr\u00f3ximas semanas podr\u00edan ser decisivas para aquellos que busquen ese viaje so\u00f1ado.<\/p>\n<p>Por otro lado, las tendencias de viaje han evolucionado, y las preferencias de los turistas tambi\u00e9n han cambiado. Los escapadas a entornos naturales, los retiros de bienestar y las experiencias gastron\u00f3micas est\u00e1n ganando terreno entre los viajeros. Al mismo tiempo, los destinos tradicionales, que han sabido adaptarse y ofrecer un valor a\u00f1adido, como rutas tur\u00edsticas, talleres culturales o gastronom\u00eda local, se encuentran en una posici\u00f3n privilegiada para captar a los visitantes.<\/p>\n<p>El auge de las plataformas digitales para la planificaci\u00f3n de viajes tambi\u00e9n ha revolucionado la forma en que los turistas eligen sus destinos y programan sus actividades. Con cada vez m\u00e1s herramientas a su disposici\u00f3n, desde aplicaciones de comparaci\u00f3n hasta gu\u00edas virtuales, los viajeros pueden personalizar su experiencia y descubrir rincones desconocidos de cada lugar.<\/p>\n<p>En resumen, la Semana Santa de este a\u00f1o promete ser una celebraci\u00f3n inolvidable, marcada por un notable crecimiento en las reservas tur\u00edsticas. A medida que los viajeros se preparan para disfrutar de unas vacaciones llenas de tradici\u00f3n y cultura, es el momento perfecto para que las agencias de viajes y los destinos tur\u00edsticos aprovechen esta ola de entusiasmo y ofrezcan experiencias memorables que queden grabadas en la memoria de cada visitante. Con el esp\u00edritu de la Semana Santa como tel\u00f3n de fondo, el viaje comienza m\u00e1s all\u00e1 de la planificaci\u00f3n, en el momento en que uno se sumerge en la aventura de explorar el mundo.<\/p>\n<p><em> &#8221; Sources www.agenttravel.es &#8221; <\/em><\/p>\n<p><em> &#8221; Sources www.agenttravel.es &#8221; <\/em><\/p>\n","protected":false},"excerpt":{"rendered":"<p>Crecimiento en las Reservas Tur\u00edsticas: Semana Santa se Presenta con Expectativas Positivas A medida que se acerca la Semana Santa, la temporada de turismo por excelencia en muchas partes del mundo, las previsiones para este a\u00f1o son optimistas. Las agencias de viajes est\u00e1n registrando un notable incremento en las reservas, que se estima se sit\u00fae [&hellip;]<\/p>\n","protected":false},"author":4,"featured_media":951067,"comment_status":"open","ping_status":"closed","sticky":false,"template":"","format":"standard","meta":{"om_disable_all_campaigns":false,"jnews-multi-image_gallery":[],"jnews_single_post":[],"jnews_primary_category":[],"jnews_social_meta":[],"footnotes":""},"categories":[40],"tags":[707,1181,569,21191,9288,1228,47338,47339,715,1289,547,47340,39936,6942,705,21552,47337,773,2539,26265,5794,4020,18737,2182,544,1488,545],"class_list":["post-951066","post","type-post","status-publish","format-standard","has-post-thumbnail","hentry","category-industria","tag-actualidad","tag-agencia-de-viajes","tag-agencias-de-viajes","tag-agente-de-viajes","tag-companias-aereas","tag-destinos","tag-diario-de-turismo","tag-diario-turistico","tag-economia","tag-hoteles","tag-informacion","tag-informacion-de-turismo","tag-informacion-turistica","tag-mayoristas","tag-noticias","tag-noticias-de-turismo","tag-noticias-turisticas","tag-opinion","tag-profesionales","tag-rent-a-car","tag-sector-aereo","tag-sector-turistico","tag-seguros-de-viaje","tag-tendencias","tag-turismo","tag-turoperadores","tag-viajes"],"_links":{"self":[{"href":"https:\/\/dimensionturistica.com\/es\/wp-json\/wp\/v2\/posts\/951066","targetHints":{"allow":["GET"]}}],"collection":[{"href":"https:\/\/dimensionturistica.com\/es\/wp-json\/wp\/v2\/posts"}],"about":[{"href":"https:\/\/dimensionturistica.com\/es\/wp-json\/wp\/v2\/types\/post"}],"author":[{"embeddable":true,"href":"https:\/\/dimensionturistica.com\/es\/wp-json\/wp\/v2\/users\/4"}],"replies":[{"embeddable":true,"href":"https:\/\/dimensionturistica.com\/es\/wp-json\/wp\/v2\/comments?post=951066"}],"version-history":[{"count":0,"href":"https:\/\/dimensionturistica.com\/es\/wp-json\/wp\/v2\/posts\/951066\/revisions"}],"wp:featuredmedia":[{"embeddable":true,"href":"https:\/\/dimensionturistica.com\/es\/wp-json\/wp\/v2\/media\/951067"}],"wp:attachment":[{"href":"https:\/\/dimensionturistica.com\/es\/wp-json\/wp\/v2\/media?parent=951066"}],"wp:term":[{"taxonomy":"category","embeddable":true,"href":"https:\/\/dimensionturistica.com\/es\/wp-json\/wp\/v2\/categories?post=951066"},{"taxonomy":"post_tag","embeddable":true,"href":"https:\/\/dimensionturistica.com\/es\/wp-json\/wp\/v2\/tags?post=951066"}],"curies":[{"name":"wp","href":"https:\/\/api.w.org\/{rel}","templated":true}]}}