{"id":95059,"date":"2021-03-12T23:33:57","date_gmt":"2021-03-12T23:33:57","guid":{"rendered":"https:\/\/dimensionturistica.com\/es\/?p=95059"},"modified":"2021-03-12T23:33:57","modified_gmt":"2021-03-12T23:33:57","slug":"cartagena-solicita-al-gobierno-nacional-iniciar-la-temporada-de-cruceros-el-universal","status":"publish","type":"post","link":"https:\/\/dimensionturistica.com\/es\/cartagena-solicita-al-gobierno-nacional-iniciar-la-temporada-de-cruceros-el-universal\/","title":{"rendered":"Cartagena solicita al Gobierno Nacional iniciar la temporada de cruceros | EL UNIVERSAL"},"content":{"rendered":"<p> <br \/>\n<\/p>\n<div mlnid=\"idcon=4315944;order=6.0\">\n<p>Desde el 11 de marzo, fecha que se confirm\u00f3 que una pasajera del crucero Braemar, que arrib\u00f3 a Cartagena el 8 de marzo de 2020, period la primer contagiada con COVID-19 en la ciudad, las operaciones de estas embarcaciones fueron restringidas.<\/p>\n<p>Inicialmente, la Alcald\u00eda de Cartagena prohibi\u00f3 el embarque y desembarco en la ciudad y d\u00edas despu\u00e9s el Gobierno Nacional orden\u00f3 el cierre de las fronteras mar\u00edtimas para este tipo de embarcaciones. Un a\u00f1o despu\u00e9s los cruceros no regresan.<\/p>\n<p>Ante ello, el alcalde de Cartagena, William Dau Chamatt, remiti\u00f3 esta semana una carta al ministro del Inside, Daniel Palacio Mart\u00ednez, solicitando ser la primera ciudad del pa\u00eds en recibir los cruceros, as\u00ed como fue pionera en la operaci\u00f3n de vuelos internacionales.<\/p>\n<p>\u201cCartagena fue pionera con la apertura de vuelos internacionales, y nuestros indicadores de salud son positivos: mantenemos una ocupaci\u00f3n de camas UCI inferior al 70%. Adem\u00e1s, vamos avanzando en el plan de vacunaci\u00f3n. La ciudad ha demostrado un exitoso manejo de la crisis sanitaria y estamos preparados para seguir prob\u00e1ndolo con la recepci\u00f3n de cruceros\u201d, dijo Dau.<\/p>\n<p>En la misiva, el mandatario indic\u00f3 que si bien la prohibici\u00f3n de llegada de cruceros fue necesaria en su momento para frenar el contagio y proteger a la poblaci\u00f3n, \u201cdada la vocaci\u00f3n tur\u00edstica de Cartagena y el impacto que genera esta restricci\u00f3n para la reactivaci\u00f3n del sector tur\u00edstico, solicitamos iniciar la temporada de cruceros con todos los protocolos de bioseguridad\u201d.<\/p>\n<\/p><\/div>\n<div mlnid=\"idcon=4316434;order=10.0\">\n<p>Y es que en la temporada del 1 de julio de 2019 al 30 de junio 2020 se esperaban m\u00e1s de 216 recaladas en Cartagena y cerca de 459.529 visitantes, no obstante, el coronavirus apareci\u00f3 y hundi\u00f3 todas estas proyecciones.<\/p>\n<p>La Terminal de Cruceros dej\u00f3 de recibir 42 recaladas y 76.493 pasajeros en la temporada 2019-2020, y se estima que la generaci\u00f3n de divisas irrigadas en la econom\u00eda se vio afectada en US$11 millones menos que si se hubiera completado la temporada de cruceros, lo que equivale a una reducci\u00f3n del 18,4%.<\/p>\n<p>De acuerdo con el Enterprise Analysis and Financial Advisors, un turista de cruceros que llega en tr\u00e1nsito gasta en Cartagena cerca US$122 y un tripulante US$70 principalmente en joyer\u00edas, artesan\u00edas, suvenires, almacenes de ropa, excursiones, taxis, transporte, entre otros.<\/p>\n<p>En di\u00e1logo con<b> El Common,<\/b> Mar\u00eda Claudia Pe\u00f1as, asesora para la Reactivaci\u00f3n Econ\u00f3mica, manifest\u00f3 que si bien el alcalde Dau ya hab\u00eda realizado la solicitud de reapertura de los cruceros de manera verbal al mismo presidente Iv\u00e1n Duque y a los ministro del Inside y al de Industria y Comercio hace algunas semanas, en lo \u00faltimos d\u00edas se present\u00f3 la petici\u00f3n de manera formal.<\/p>\n<p>La funcionaria a\u00f1adi\u00f3 que Corpoturismo y la Sociedad Portuaria est\u00e1n dialogando con distintas navieras para conocer sus plan de operaciones, sus protocolos y rutas, teniendo en cuenta que muchos destinos del Caribe tambi\u00e9n contin\u00faan cerrados y que ante la falta de actividades muchas navieras entraron en disaster.<\/p>\n<p>\u201cLa solicitud est\u00e1 siendo revisada por el Gobierno Nacional, ya que la reapertura de las actividades econ\u00f3micas dependen de la aprobaci\u00f3n del Ministerio de Salud. La apuesta que est\u00e1 haciendo Cartagena es que seamos puerto tanto de atraque y de embarque para estas navieras una vez retomen su temporada\u201d, agreg\u00f3 Pe\u00f1as.<\/p>\n<p>Desde la Direcci\u00f3n de Epidemiolog\u00eda y Demograf\u00eda del Ministerio de Salud este medio conoci\u00f3 que se est\u00e1 trabajando en un protocolo para este tipo de actividades.<\/p>\n<\/p><\/div>\n<div mlnid=\"idcon=4315947;order=21.0\"> <span><\/p>\n<p>La firma de cruceros Royal Caribbean anunci\u00f3 que la mayor parte de su flota reanudar\u00e1 operaciones el 1 de junio, Norwegian Cruise Line ha cancelado todos los viajes hasta el 31 de marzo, lo mismo que Carnival Cruise Line, Princess Cruises reprogram\u00f3 hasta el 14 de mayo los viajes por el Caribe,<\/p>\n<p> mientras que Pullmantur Cruceros, la \u00fanica l\u00ednea de cruceros que tiene embarques en Cartagena, extendi\u00f3 la cancelaci\u00f3n de su operaci\u00f3n hasta noviembre de 2021. <\/p>\n<p>No obstante, ya se han planteado algunos cambios en la operaci\u00f3n de los cruceros durante la pandemia del coronavirus: viajes m\u00e1s cortos; distanciamiento social en todas partes, desde los comedores hasta las piscinas; posible requisito de vacunas a los pasajeros antes de abordar; mejor ventilaci\u00f3n y manejo del aire para aumentar el aire fresco a bordo.<\/p>\n<p>Es de aclarar que desde el 31 de octubre de 2020 el Centro para el Management y la Prevenci\u00f3n de Enfermedades\u200b (CDC) de Estados Unidos levant\u00f3 la prohibici\u00f3n a la navegaci\u00f3n de cruceros. <\/p>\n<p>La Asociaci\u00f3n Internacional de L\u00edneas de Cruceros (CLIA), que representa el 95% de la industria, dijo que los cruceros volver\u00e1n \u201ccuando sea el momento adecuado, y en funci\u00f3n de una serie de factores, como las aportaciones de cient\u00edficos y m\u00e9dicos expertos\u201d.<\/p>\n<p><\/span> <\/div>\n<p><script>\/*<![CDATA[*\/(function(e,a,f){var c,b=e.getElementsByTagName(a)[0];if(e.getElementById(f)){return}c=e.createElement(a);c.id=f;c.src=\"https:\/\/connect.facebook.net\/es_LA\/sdk.js#xfbml=1&#038;version=v3.2&#038;appId=1434085360147717&#038;autoLogAppEvents=1\";b.parentNode.insertBefore(c,b)}(document,\"script\",\"facebook-jssdk\"));\/*]]>*\/<\/script><br \/>\n<br \/><\/p>\n<p><em> &#8221; Fuentes www.eluniversal.com.co &#8221; <\/em><\/p>\n","protected":false},"excerpt":{"rendered":"<p>Desde el 11 de marzo, fecha que se confirm\u00f3 que una pasajera del crucero Braemar, que arrib\u00f3 a Cartagena el 8 de marzo de 2020, period la primer contagiada con COVID-19 en la ciudad, las operaciones de estas embarcaciones fueron restringidas. Inicialmente, la Alcald\u00eda de Cartagena prohibi\u00f3 el embarque y desembarco en la ciudad y [&hellip;]<\/p>\n","protected":false},"author":4,"featured_media":95060,"comment_status":"open","ping_status":"closed","sticky":false,"template":"","format":"standard","meta":{"om_disable_all_campaigns":false,"jnews-multi-image_gallery":[],"jnews_single_post":[],"jnews_primary_category":[],"jnews_social_meta":[],"footnotes":""},"categories":[41],"tags":[55],"class_list":["post-95059","post","type-post","status-publish","format-standard","has-post-thumbnail","hentry","category-cruceros","tag-coronavirus"],"_links":{"self":[{"href":"https:\/\/dimensionturistica.com\/es\/wp-json\/wp\/v2\/posts\/95059","targetHints":{"allow":["GET"]}}],"collection":[{"href":"https:\/\/dimensionturistica.com\/es\/wp-json\/wp\/v2\/posts"}],"about":[{"href":"https:\/\/dimensionturistica.com\/es\/wp-json\/wp\/v2\/types\/post"}],"author":[{"embeddable":true,"href":"https:\/\/dimensionturistica.com\/es\/wp-json\/wp\/v2\/users\/4"}],"replies":[{"embeddable":true,"href":"https:\/\/dimensionturistica.com\/es\/wp-json\/wp\/v2\/comments?post=95059"}],"version-history":[{"count":0,"href":"https:\/\/dimensionturistica.com\/es\/wp-json\/wp\/v2\/posts\/95059\/revisions"}],"wp:featuredmedia":[{"embeddable":true,"href":"https:\/\/dimensionturistica.com\/es\/wp-json\/wp\/v2\/media\/95060"}],"wp:attachment":[{"href":"https:\/\/dimensionturistica.com\/es\/wp-json\/wp\/v2\/media?parent=95059"}],"wp:term":[{"taxonomy":"category","embeddable":true,"href":"https:\/\/dimensionturistica.com\/es\/wp-json\/wp\/v2\/categories?post=95059"},{"taxonomy":"post_tag","embeddable":true,"href":"https:\/\/dimensionturistica.com\/es\/wp-json\/wp\/v2\/tags?post=95059"}],"curies":[{"name":"wp","href":"https:\/\/api.w.org\/{rel}","templated":true}]}}