{"id":95024,"date":"2021-03-12T22:21:08","date_gmt":"2021-03-12T22:21:08","guid":{"rendered":"https:\/\/dimensionturistica.com\/es\/?p=95024"},"modified":"2021-03-12T22:21:08","modified_gmt":"2021-03-12T22:21:08","slug":"puerto-rico-cumple-un-ano-del-estado-de-emergencia-y-confinamiento-por-covid","status":"publish","type":"post","link":"https:\/\/dimensionturistica.com\/es\/puerto-rico-cumple-un-ano-del-estado-de-emergencia-y-confinamiento-por-covid\/","title":{"rendered":"Puerto Rico cumple un a\u00f1o del estado de emergencia y confinamiento por covid"},"content":{"rendered":"<p> <br \/>\n<\/p>\n<div id=\"\">\n<span class=\"show-for-sr\">Este contenido fue publicado el 12 marzo 2021 &#8211; 19:46<\/span><br \/>\n<time class=\"si-detail__date\" datetime=\"2021-03-12T19:46:54+01:00\"><br \/>\n<span aria-hidden=\"true\">12 marzo 2021 &#8211; 19:46<\/span><br \/>\n<\/time><\/p>\n<address class=\"si-detail__author\" data-uk-scrollspy=\"hidden: false; repeat: true; offset-top: -50\">\n<\/address>\n<p>San Juan, 12 mar (EFE).- Puerto Rico recuerda este viernes c\u00f3mo hace un a\u00f1o la exgobernadora Wanda V\u00e1zquez declar\u00f3 el estado de emergencia y de confinamiento debido a la covid-19, que en estos 12 meses se ha cobrado la vida de 2.073 personas y causado 93.336 contagios confirmados.<\/p>\n<p>Los puertorrique\u00f1os han sufrido durante este a\u00f1o las consecuencias de un confinamiento que como en otros pa\u00edses fue muy duro durante los primeros meses y que, progresivamente, se ha ido suavizando hasta el d\u00eda de hoy, cuando entra en vigor la nueva orden ejecutiva 2021-487, que supone un paso adelante hacia la esperada normalizaci\u00f3n.<\/p>\n<p>La orden, firmada el pasado mi\u00e9rcoles por el secretario de la agencia, Carlos Mellado, establece que los mayores de 60 a\u00f1os y personas de 50 a 59 a\u00f1os con historial de enfermedades cr\u00f3nicas con alto riesgo de complicaciones en caso de contagio podr\u00e1n vacunarse.<\/p>\n<p>La 2021-487 supone adem\u00e1s un alivio para la econom\u00eda native, una vez que incluye aumentar el aforo de restaurantes y salas de cine en la isla del 30 al 50 % de la capacidad de los recintos, y la reapertura de los teatros hasta el 30 % de su capacidad.<\/p>\n<p>El gobernador de Puerto Rico, Pedro Pierluisi, indic\u00f3 que la nueva orden ejecutiva, que estar\u00e1 vigente hasta el 11 de abril, supone una reapertura gradual de la econom\u00eda y un paso m\u00e1s hacia la normalidad.<\/p>\n<p>Esa normalidad, hasta cierto punto, se espera alcanzar el pr\u00f3ximo verano, cuando cerca del 100 % de los 3,1 millones de puertorrique\u00f1os est\u00e9n vacunados y haya alcanzado la esperada inmunidad de reba\u00f1o.<\/p>\n<p>La relajaci\u00f3n de las medidas contra la expansi\u00f3n de la covid-19 precise se ha alcanzado tras un duro camino de un a\u00f1o en el que la poblaci\u00f3n ha soportado duras medidas de confinamiento que han afectado de forma directa a una econom\u00eda.<\/p>\n<p>LLEGA A SAN JUAN UN CRUCERO<\/p>\n<p>Las primeras noticias del coronavirus en Puerto Rico se remontan al 8 de marzo de 2020, cuando atrac\u00f3 en San Juan el crucero Costa Luminosa, con 1.370 pasajeros a bordo que bajaron a hacer turismo en el centro hist\u00f3rico.<\/p>\n<p>Una pareja de italianos que viajan en el crucero dieron positivo al virus, convirti\u00e9ndose en los primeros contagiados por el virus en la isla.<\/p>\n<p>La gobernadora Wanda V\u00e1zquez confirm\u00f3, el 12 de marzo de 2020, el sexto paciente contagiado, un m\u00e9dico paname\u00f1o que acudi\u00f3 en la isla a dos eventos multitudinarios durante su estad\u00eda.<\/p>\n<p>V\u00e1zquez declar\u00f3 ese mismo d\u00eda un estado de emergencia en Puerto Rico debido a la covid-19.<\/p>\n<p>V\u00cdCTIMAS POL\u00cdTICAS<\/p>\n<p>La pandemia se cobr\u00f3 adem\u00e1s v\u00edctimas pol\u00edticas por la gesti\u00f3n, lo que llev\u00f3 a la renuncia del entonces secretario del Departamento de Salud, Rafael Rodr\u00edguez Mercado, ante la presi\u00f3n de quienes criticaron su gesti\u00f3n contra la pandemia.<\/p>\n<p>La gobernadora firm\u00f3 el 15 de marzo una orden ejecutiva que, entre otras cosas, implementaba un toque de queda de 9:00 de la noche a 5:00 de la ma\u00f1ana.<\/p>\n<p>Esa orden supuso adem\u00e1s el cierre de operaciones gubernamentales, excepto aquellas que prove\u00edan servicios esenciales, mientras que para los comercios orden\u00f3 el cierre a las 6.00 de la tarde.<\/p>\n<p>El 21 de marzo se report\u00f3 la primera muerte oficial por la covid-19, correspondiente a la turista italiana que se convirti\u00f3 en el primer caso positivo al virus tras llegar en el Costa Luminosa.<\/p>\n<p>RENUNCIA NUEVA SECRETARIA DE SALUD<\/p>\n<p>Mientras, los problemas en la direcci\u00f3n del sistema sanitario native continuaban, despu\u00e9s de que Concepci\u00f3n Qui\u00f1ones de Longo, que hab\u00eda sustituido a Rodr\u00edguez Mercado, renunciara al cargo.<\/p>\n<p>La salida de Qui\u00f1ones de Longo estuvo relacionada con las 500 pruebas de detecci\u00f3n del coronavirus que se entregaron sin seguir los debidos procedimientos administrativos de la agencia y por encima de sus \u00f3rdenes, lo que la enfrent\u00f3 al Gobierno de entonces y supuso su salida.<\/p>\n<p>Con m\u00e1s de 100 casos confirmados y 6 muertes a causa del virus fue enmendada el 31 de marzo de 2020 la orden ejecutiva para extenderla hasta el 13 de abril de 2020, adem\u00e1s de declararse un toque de queda m\u00e1s estricto, comenzando a las 7:00 de la tarde y terminando a las 5:00 de la ma\u00f1ana, en un momento en el que se registraban m\u00e1s de 100 casos confirmados y 6 muertes.<\/p>\n<p>Todav\u00eda en medio de la preocupaci\u00f3n por los casos fue emitida una nueva orden ejecutiva vigente del 26 de mayo al 15 de junio 2020 que dio paso a la segunda fase de reapertura de sectores econ\u00f3micos y sociales, tales como restaurantes y centros comerciales.<\/p>\n<p>A mediados de julio el Gobierno decidi\u00f3 abrir la isla al turismo internacional, ante una ca\u00edda preocupante de la actividad econ\u00f3mica.<\/p>\n<p>El peor momento de la pandemia se registr\u00f3 el 6 de agosto, cuando el Departamento de Salud report\u00f3 una cifra r\u00e9cord de muertes por covid-19 con 12 fallecidos adicionales.<\/p>\n<p>Desde entonces, progresivamente, la situaci\u00f3n ha ido mejorando, como qued\u00f3 demostrado con la vuelta, esta semana, de los estudiantes a las clases presenciales y con la nueva orden ejecutiva abre la esperanza a un vuelta a la normalidad casa vez m\u00e1s cercana. EFE<\/p>\n<p>\u00a9 EFE 2021. Est\u00e1 expresamente prohibida la redistribuci\u00f3n y la redifusi\u00f3n de todo o parte de los contenidos de los servicios de Efe, sin previo y expreso consentimiento de la Agencia EFE S.A.<\/p>\n<\/p><\/div>\n\n<p><em> &#8221; Fuentes www.swissinfo.ch &#8221; <\/em><\/p>\n","protected":false},"excerpt":{"rendered":"<p>Este contenido fue publicado el 12 marzo 2021 &#8211; 19:46 12 marzo 2021 &#8211; 19:46 San Juan, 12 mar (EFE).- Puerto Rico recuerda este viernes c\u00f3mo hace un a\u00f1o la exgobernadora Wanda V\u00e1zquez declar\u00f3 el estado de emergencia y de confinamiento debido a la covid-19, que en estos 12 meses se ha cobrado la vida [&hellip;]<\/p>\n","protected":false},"author":4,"featured_media":0,"comment_status":"open","ping_status":"closed","sticky":false,"template":"","format":"standard","meta":{"om_disable_all_campaigns":false,"jnews-multi-image_gallery":[],"jnews_single_post":[],"jnews_primary_category":[],"jnews_social_meta":[],"footnotes":""},"categories":[41],"tags":[],"class_list":["post-95024","post","type-post","status-publish","format-standard","hentry","category-cruceros"],"_links":{"self":[{"href":"https:\/\/dimensionturistica.com\/es\/wp-json\/wp\/v2\/posts\/95024","targetHints":{"allow":["GET"]}}],"collection":[{"href":"https:\/\/dimensionturistica.com\/es\/wp-json\/wp\/v2\/posts"}],"about":[{"href":"https:\/\/dimensionturistica.com\/es\/wp-json\/wp\/v2\/types\/post"}],"author":[{"embeddable":true,"href":"https:\/\/dimensionturistica.com\/es\/wp-json\/wp\/v2\/users\/4"}],"replies":[{"embeddable":true,"href":"https:\/\/dimensionturistica.com\/es\/wp-json\/wp\/v2\/comments?post=95024"}],"version-history":[{"count":0,"href":"https:\/\/dimensionturistica.com\/es\/wp-json\/wp\/v2\/posts\/95024\/revisions"}],"wp:attachment":[{"href":"https:\/\/dimensionturistica.com\/es\/wp-json\/wp\/v2\/media?parent=95024"}],"wp:term":[{"taxonomy":"category","embeddable":true,"href":"https:\/\/dimensionturistica.com\/es\/wp-json\/wp\/v2\/categories?post=95024"},{"taxonomy":"post_tag","embeddable":true,"href":"https:\/\/dimensionturistica.com\/es\/wp-json\/wp\/v2\/tags?post=95024"}],"curies":[{"name":"wp","href":"https:\/\/api.w.org\/{rel}","templated":true}]}}