{"id":949578,"date":"2025-03-25T07:52:50","date_gmt":"2025-03-25T07:52:50","guid":{"rendered":"https:\/\/dimensionturistica.com\/es\/?p=949578"},"modified":"2025-03-25T07:52:50","modified_gmt":"2025-03-25T07:52:50","slug":"actualidad-turistica-informacion-esencial-para-profesionales-del-sector-9","status":"publish","type":"post","link":"https:\/\/dimensionturistica.com\/es\/actualidad-turistica-informacion-esencial-para-profesionales-del-sector-9\/","title":{"rendered":"Actualidad Tur\u00edstica: Informaci\u00f3n Esencial para Profesionales del Sector"},"content":{"rendered":"<p><strong>Una Convenci\u00f3n que Deja Huella: La Reuni\u00f3n de Grupo Europa Viajes<\/strong><\/p>\n<p>El mundo del turismo se encuentra en constante evoluci\u00f3n, y uno de los eventos m\u00e1s destacados de este a\u00f1o ha sido la reciente convenci\u00f3n organizada por Grupo Europa Viajes. Este importante encuentro, que ha superado todas las expectativas en cuanto a asistencia, se ha convertido en una plataforma vital para el intercambio de ideas, el fortalecimiento de v\u00ednculos comerciales y la celebraci\u00f3n de la uni\u00f3n del sector.<\/p>\n<p>El evento se llev\u00f3 a cabo en un entorno impresionante que no solo ofreci\u00f3 un espacio de encuentro, sino que tambi\u00e9n permiti\u00f3 a los asistentes disfrutar de una variedad de actividades que resaltaron la riqueza cultural y natural de la regi\u00f3n. La combinaci\u00f3n de charlas inspiradoras, talleres pr\u00e1cticos y oportunidades para hacer networking se tradujo en un ambiente de colaboraci\u00f3n sin precedentes. Profesionales del sector tur\u00edstico de diversas partes del pa\u00eds se dieron cita para compartir sus experiencias y consolidar alianzas estrat\u00e9gicas.<\/p>\n<p>Uno de los aspectos m\u00e1s destacados de la convenci\u00f3n fue la participaci\u00f3n activa de importantes ponentes y l\u00edderes del turismo que compartieron sus visiones sobre el futuro de la industria. Desde la sostenibilidad en los viajes hasta la digitalizaci\u00f3n de los servicios, cada charla ofreci\u00f3 una perspectiva \u00fanica que gener\u00f3 entusiasmo y motivaci\u00f3n entre los asistentes. Este intercambio de conocimientos es fundamental en un sector que se enfrenta a desaf\u00edos constantes, pero que tambi\u00e9n ofrece inmensas oportunidades para la innovaci\u00f3n.<\/p>\n<p>La acogida masiva de participantes no solo refleja el inter\u00e9s en los temas tratados, sino tambi\u00e9n la importancia de la comunidad tur\u00edstica en su conjunto. Los rostros sonrientes y las conversaciones animadas en los pasillos ilustraban un ambiente positivo y abierto, donde cada asistente pudo encontrar inspiraci\u00f3n y nuevos contactos. Es innegable que la conexi\u00f3n humana es un pilar fundamental en el turismo, y eventos como este refuerzan esa idea.<\/p>\n<p>Adem\u00e1s, la convenci\u00f3n tambi\u00e9n sirvi\u00f3 como plataforma para presentar nuevas tendencias y tecnolog\u00edas que est\u00e1n revolucionando la forma en que viajamos. Desde aplicaciones m\u00f3viles que optimizan la experiencia del viajero hasta iniciativas que promueven un turismo responsable, estos innovadores m\u00e9todos est\u00e1n configurando el futuro del sector. Los participantes tuvieron la oportunidad de conocer de primera mano estas herramientas y considerar c\u00f3mo podr\u00edan integrarlas en su propia pr\u00e1ctica.<\/p>\n<p>Un aspecto que merece una menci\u00f3n especial fue la atenci\u00f3n puesta en la sostenibilidad. En la actualidad, cada vez m\u00e1s viajeros buscan opciones que minimicen su impacto ambiental. Por ello, se discutieron estrategias para fomentar pr\u00e1cticas responsables que no solo beneficien a las comunidades locales, sino que tambi\u00e9n preserven los recursos naturales. Este compromiso por un turismo m\u00e1s \u00e9tico es una tendencia que seguramente marcar\u00e1 la pauta en los pr\u00f3ximos a\u00f1os.<\/p>\n<p>La convenci\u00f3n de Grupo Europa Viajes no solo fue un escaparate de la energ\u00eda y la resiliencia del sector tur\u00edstico, sino que tambi\u00e9n se present\u00f3 como un espacio donde las ideas pudieron florecer. Los asistentes regresaron a sus lugares de origen enriquecidos no solo por el conocimiento adquirido, sino tambi\u00e9n por nuevas amistades y colaboraciones que seguramente dar\u00e1n lugar a proyectos emocionantes en el futuro.<\/p>\n<p>Mientras el turismo contin\u00faa su camino hacia la recuperaci\u00f3n post-pandemia, encuentros como este son cruciales. La convenci\u00f3n ha demostrado que la uni\u00f3n y el intercambio son la clave para enfrentar los retos y aprovechar las oportunidades que se presentan. Sin duda, este evento ser\u00e1 recordado como un hito en la historia del turismo en nuestro pa\u00eds, impulsando no solo el crecimiento de Grupo Europa Viajes, sino de toda la industria.<\/p>\n<p>Con el cierre de este cap\u00edtulo, los profesionales del turismo ya miran hacia el futuro, motivados por las experiencias compartidas y los lazos fortalecidos. En definitiva, la convenci\u00f3n ha logrado sembrar una semilla de colaboraci\u00f3n que, sin lugar a dudas, seguir\u00e1 dando sus frutos en los a\u00f1os venideros. \u00a1Que comience la cuenta regresiva para el pr\u00f3ximo encuentro!<\/p>\n<p><em> &#8221; Sources www.agenttravel.es &#8221; <\/em><\/p>\n<p><em> &#8221; Sources www.agenttravel.es &#8221; <\/em><\/p>\n","protected":false},"excerpt":{"rendered":"<p>Una Convenci\u00f3n que Deja Huella: La Reuni\u00f3n de Grupo Europa Viajes El mundo del turismo se encuentra en constante evoluci\u00f3n, y uno de los eventos m\u00e1s destacados de este a\u00f1o ha sido la reciente convenci\u00f3n organizada por Grupo Europa Viajes. Este importante encuentro, que ha superado todas las expectativas en cuanto a asistencia, se ha [&hellip;]<\/p>\n","protected":false},"author":4,"featured_media":949579,"comment_status":"open","ping_status":"closed","sticky":false,"template":"","format":"standard","meta":{"om_disable_all_campaigns":false,"jnews-multi-image_gallery":[],"jnews_single_post":[],"jnews_primary_category":[],"jnews_social_meta":[],"footnotes":""},"categories":[40],"tags":[1181,569,21191,9288,47338,47339,715,1289,47340,39936,6942,103148,705,21552,47337,773,2539,72133,26265,5794,18737,2182,10844,544,1488],"class_list":["post-949578","post","type-post","status-publish","format-standard","has-post-thumbnail","hentry","category-industria","tag-agencia-de-viajes","tag-agencias-de-viajes","tag-agente-de-viajes","tag-companias-aereas","tag-diario-de-turismo","tag-diario-turistico","tag-economia","tag-hoteles","tag-informacion-de-turismo","tag-informacion-turistica","tag-mayoristas","tag-mercado-turistico","tag-noticias","tag-noticias-de-turismo","tag-noticias-turisticas","tag-opinion","tag-profesionales","tag-profesionales-del-turismo","tag-rent-a-car","tag-sector-aereo","tag-seguros-de-viaje","tag-tendencias","tag-tendencias-de-viaje","tag-turismo","tag-turoperadores"],"_links":{"self":[{"href":"https:\/\/dimensionturistica.com\/es\/wp-json\/wp\/v2\/posts\/949578","targetHints":{"allow":["GET"]}}],"collection":[{"href":"https:\/\/dimensionturistica.com\/es\/wp-json\/wp\/v2\/posts"}],"about":[{"href":"https:\/\/dimensionturistica.com\/es\/wp-json\/wp\/v2\/types\/post"}],"author":[{"embeddable":true,"href":"https:\/\/dimensionturistica.com\/es\/wp-json\/wp\/v2\/users\/4"}],"replies":[{"embeddable":true,"href":"https:\/\/dimensionturistica.com\/es\/wp-json\/wp\/v2\/comments?post=949578"}],"version-history":[{"count":0,"href":"https:\/\/dimensionturistica.com\/es\/wp-json\/wp\/v2\/posts\/949578\/revisions"}],"wp:featuredmedia":[{"embeddable":true,"href":"https:\/\/dimensionturistica.com\/es\/wp-json\/wp\/v2\/media\/949579"}],"wp:attachment":[{"href":"https:\/\/dimensionturistica.com\/es\/wp-json\/wp\/v2\/media?parent=949578"}],"wp:term":[{"taxonomy":"category","embeddable":true,"href":"https:\/\/dimensionturistica.com\/es\/wp-json\/wp\/v2\/categories?post=949578"},{"taxonomy":"post_tag","embeddable":true,"href":"https:\/\/dimensionturistica.com\/es\/wp-json\/wp\/v2\/tags?post=949578"}],"curies":[{"name":"wp","href":"https:\/\/api.w.org\/{rel}","templated":true}]}}