{"id":94931,"date":"2021-03-12T18:34:56","date_gmt":"2021-03-12T18:34:56","guid":{"rendered":"https:\/\/dimensionturistica.com\/es\/?p=94931"},"modified":"2021-03-12T18:34:56","modified_gmt":"2021-03-12T18:34:56","slug":"incendio-en-un-crucero-en-corfu","status":"publish","type":"post","link":"https:\/\/dimensionturistica.com\/es\/incendio-en-un-crucero-en-corfu\/","title":{"rendered":"Incendio en un crucero en Corfu"},"content":{"rendered":"<p> <br \/>\n<\/p>\n<div id=\"main-container\">\n<div class=\"main-article-container \">\n<article class=\"article-default\">\n<aside class=\"top-ad-board-container\">\n<aside class=\"top-ad-module \"><span class=\"content-ad visible-md mega-container \"><span class=\"ad-unit mega\"><\/p>\n<p>                <\/span><\/span><\/aside>\n<\/aside>\n<div class=\"container\" style=\"position:relative\">\n<div class=\"row\">\n<header class=\"article-top-header col-12\">\n<div class=\"article-top\">\n<p><h2 class=\"epigraph\">No hab\u00eda pasajeros a bordo ni se han reportado heridos<\/h2>\n<\/p>\n<div class=\"article-media-main\">\n<div class=\"main-video article-video \">\n<div class=\"composite-image video-player video-autoplay caption-dark\">\n<div class=\"image-container\">\n<figure class=\"image\"><img decoding=\"async\" alt=\"Incendio en un crucero en Corfu\" src=\"https:\/\/dimensionturistica.com\/es\/wp-content\/uploads\/2021\/03\/Incendio-en-un-crucero-en-Corfu.jpeg\" class=\"lazy\"\/><\/figure>\n<p>\n                    <i class=\"fa fa-play\"\/> Video\n                <\/p>\n<\/p><\/div><\/div>\n<\/div>\n<\/div><\/div>\n<\/header>\n<div class=\"article-content col-12 col-md-8\">\n<div class=\"article-modules\">\n<p data-gtm-element-container=\"modulo-texto-link\" class=\"paragraph\">El puerto de Corfu viv\u00eda unas horas inquietantes hoy cuando desde el lado de estribor del crucero MSC Lirica atracado frente a la costa de Corf\u00fa comenzaron a salir llamas y humo.\u00a0<\/p>\n<p data-gtm-element-container=\"modulo-texto-link\" class=\"paragraph\">El barco afectado se encuentra ahora mismo fuera de servicio y por tanto no hab\u00eda pasajeros a bordo. Los servicios de emergencias a\u00fan as\u00ed se desplazaron r\u00e1pidamente a la zona para controlar la situaci\u00f3n y no se ha informado de ning\u00fan herido.<\/p>\n<p><span class=\"content-ad-module \"><\/p>\n<p><span class=\"content-ad visible-xs roba-container \"><span class=\"ad-unit roba\"><\/p>\n<p>                <\/span><\/span><span class=\"content-ad visible-md irr-container \"><span class=\"ad-unit irr\"><\/p>\n<p>                <\/span><\/span><span class=\"content-html\"><span class=\"intext-md hidden-xs hidden-md\"\/><\/span><\/span>\n<\/div>\n<aside class=\"board-article-outbrain \" data-gtm-element-container=\"modulo-outbrain-paid\"\/>\n<\/div>\n<aside class=\"article-sidebar col-12 col-md-4\"\/>\n<\/div><\/div>\n<\/article>\n<\/div>\n<p>Cargando siguiente contenido&#8230;<\/p>\n<\/p><\/div>\n<p><script type=\"script\/gg\">\ngg.didomi.doWhenConsent(!window.didomiBypass, 'c:facebooka-frU9M5JY', function () {\n!function(f,b,e,v,n,t,s)\n{if(f.fbq)return;n=f.fbq=function(){n.callMethod?\nn.callMethod.apply(n,arguments):n.queue.push(arguments)};\nif(!f._fbq)f._fbq=n;n.push=n;n.loaded=!0;n.version='2.0';\nn.queue=[];t=b.createElement(e);t.async=!0;\nt.src=v;s=b.getElementsByTagName(e)[0];\ns.parentNode.insertBefore(t,s)}(window, document,'script',\n'https:\/\/connect.facebook.net\/en_US\/fbevents.js');\nfbq('init', '161843274362284');\nfbq('track', 'PageView');\n});\n<\/script><br \/>\n<br \/><\/p>\n<p><em> &#8221; Fuentes www.lavanguardia.com &#8221; <\/em><\/p>\n","protected":false},"excerpt":{"rendered":"<p>No hab\u00eda pasajeros a bordo ni se han reportado heridos Video El puerto de Corfu viv\u00eda unas horas inquietantes hoy cuando desde el lado de estribor del crucero MSC Lirica atracado frente a la costa de Corf\u00fa comenzaron a salir llamas y humo.\u00a0 El barco afectado se encuentra ahora mismo fuera de servicio y por [&hellip;]<\/p>\n","protected":false},"author":4,"featured_media":94932,"comment_status":"open","ping_status":"closed","sticky":false,"template":"","format":"standard","meta":{"om_disable_all_campaigns":false,"jnews-multi-image_gallery":[],"jnews_single_post":[],"jnews_primary_category":[],"jnews_social_meta":[],"footnotes":""},"categories":[41],"tags":[],"class_list":["post-94931","post","type-post","status-publish","format-standard","has-post-thumbnail","hentry","category-cruceros"],"_links":{"self":[{"href":"https:\/\/dimensionturistica.com\/es\/wp-json\/wp\/v2\/posts\/94931","targetHints":{"allow":["GET"]}}],"collection":[{"href":"https:\/\/dimensionturistica.com\/es\/wp-json\/wp\/v2\/posts"}],"about":[{"href":"https:\/\/dimensionturistica.com\/es\/wp-json\/wp\/v2\/types\/post"}],"author":[{"embeddable":true,"href":"https:\/\/dimensionturistica.com\/es\/wp-json\/wp\/v2\/users\/4"}],"replies":[{"embeddable":true,"href":"https:\/\/dimensionturistica.com\/es\/wp-json\/wp\/v2\/comments?post=94931"}],"version-history":[{"count":0,"href":"https:\/\/dimensionturistica.com\/es\/wp-json\/wp\/v2\/posts\/94931\/revisions"}],"wp:featuredmedia":[{"embeddable":true,"href":"https:\/\/dimensionturistica.com\/es\/wp-json\/wp\/v2\/media\/94932"}],"wp:attachment":[{"href":"https:\/\/dimensionturistica.com\/es\/wp-json\/wp\/v2\/media?parent=94931"}],"wp:term":[{"taxonomy":"category","embeddable":true,"href":"https:\/\/dimensionturistica.com\/es\/wp-json\/wp\/v2\/categories?post=94931"},{"taxonomy":"post_tag","embeddable":true,"href":"https:\/\/dimensionturistica.com\/es\/wp-json\/wp\/v2\/tags?post=94931"}],"curies":[{"name":"wp","href":"https:\/\/api.w.org\/{rel}","templated":true}]}}