{"id":94925,"date":"2021-03-12T18:26:55","date_gmt":"2021-03-12T18:26:55","guid":{"rendered":"https:\/\/dimensionturistica.com\/es\/?p=94925"},"modified":"2021-03-12T18:26:55","modified_gmt":"2021-03-12T18:26:55","slug":"croacia-anula-las-restricciones-de-capacidad-para-las-escalas-de-cruceros","status":"publish","type":"post","link":"https:\/\/dimensionturistica.com\/es\/croacia-anula-las-restricciones-de-capacidad-para-las-escalas-de-cruceros\/","title":{"rendered":"Croacia anula las restricciones de capacidad para las escalas de cruceros"},"content":{"rendered":"<p> <br \/>\n<\/p>\n<div style=\"margin-top:0px;\">\n<p><span id=\"more-88196\"\/><strong>Por CruisesNews Media Group<\/strong><\/p>\n<hr\/>\n<p style=\"text-align: justify;\">La <strong>Direcci\u00f3n Common de Protecci\u00f3n Civil de Croacia<\/strong> anunci\u00f3 su decisi\u00f3n de permitir las escalas de cruceros en los puertos croatas anulando las anteriores restricciones de capacidad, con efecto a partir del 1 de marzo de 2021.<\/p>\n<p style=\"text-align: justify;\"><img decoding=\"async\" loading=\"lazy\" class=\"alignright  wp-image-88197\" src=\"https:\/\/dimensionturistica.com\/es\/wp-content\/uploads\/2021\/03\/Croacia-anula-las-restricciones-de-capacidad-para-las-escalas-de.jpg\" alt=\"\" width=\"394\" height=\"351\"  \/>Tras un a\u00f1o de prohibici\u00f3n debido a la pandemia del COVID-19, los barcos de cruceros pueden navegar por los puertos del pa\u00eds.<\/p>\n<p style=\"text-align: justify;\">Con la aplicaci\u00f3n de todos los protocolos y medidas sanitarias establecidas en \u201cStay safe in Croatia\u201d, la nueva etiqueta de seguridad nacional de Ministerio de Turismo y la Oficina Nacional de Turismo de Croacia, cuya mayor prioridad es la seguridad de los hu\u00e9spedes y trabajadores del sector tur\u00edstico, se proteger\u00e1 la salud y seguridad de los pasajeros, la tripulaci\u00f3n y las comunidades visitadas.<\/p>\n<p style=\"text-align: justify;\">Entre las directrices establecidas se incluye el uso recurring de las mascarillas en zonas comunes, el distanciamiento social, la limpieza y desinfecci\u00f3n de los espacios y equipos, o el management de temperatura, entre otras.<\/p>\n<hr\/>\n<p>\t\t<!-- banner cruises --><\/p>\n<p><a rel=\"nofollow noopener\" target=\"_blank\" href=\"https:\/\/cruisesnews.es\/\"><br \/>\n\t<img decoding=\"async\" src=\"https:\/\/dimensionturistica.com\/es\/wp-content\/uploads\/2020\/10\/Mundomar-Cruceros-incorpora-a-CroisiEurope-a-su-catalogo-de-lineas.jpg\"\/><br \/>\n\t<\/a><\/p>\n<p>\t<!-- end banner --><\/p>\n<p>\t\t <!-- banner --><br \/>\n\t <!-- \n\n<div style=\"margin-top: 15px;\"><\/div>\n\n\n<a rel=\"nofollow noopener\" target=\"_blank\" href=\"https:\/\/www.linkedin.com\/company\/portalcruceros-cl\/\">\n\t<img decoding=\"async\" src=\"https:\/\/dimensionturistica.com\/es\/wp-content\/uploads\/2020\/09\/Knud-E-Hansen-disena-nuevo-crucero-de-expedicion-rompehielos.gif\" \/>\n\t<\/a> --><\/p>\n<p>\t<!-- banner end --><\/p>\n<p>\t\t <!-- notas relacionadas --><\/p>\n<hr\/>\n<p>\t\t   <!-- fin notas relacionadas --><\/p><\/div>\n\n<p><em> &#8221; Fuentes portalcruceros.cl &#8221; <\/em><\/p>\n","protected":false},"excerpt":{"rendered":"<p>Por CruisesNews Media Group La Direcci\u00f3n Common de Protecci\u00f3n Civil de Croacia anunci\u00f3 su decisi\u00f3n de permitir las escalas de cruceros en los puertos croatas anulando las anteriores restricciones de capacidad, con efecto a partir del 1 de marzo de 2021. Tras un a\u00f1o de prohibici\u00f3n debido a la pandemia del COVID-19, los barcos de [&hellip;]<\/p>\n","protected":false},"author":4,"featured_media":94926,"comment_status":"open","ping_status":"closed","sticky":false,"template":"","format":"standard","meta":{"om_disable_all_campaigns":false,"jnews-multi-image_gallery":[],"jnews_single_post":[],"jnews_primary_category":[],"jnews_social_meta":[],"footnotes":""},"categories":[41],"tags":[],"class_list":["post-94925","post","type-post","status-publish","format-standard","has-post-thumbnail","hentry","category-cruceros"],"_links":{"self":[{"href":"https:\/\/dimensionturistica.com\/es\/wp-json\/wp\/v2\/posts\/94925","targetHints":{"allow":["GET"]}}],"collection":[{"href":"https:\/\/dimensionturistica.com\/es\/wp-json\/wp\/v2\/posts"}],"about":[{"href":"https:\/\/dimensionturistica.com\/es\/wp-json\/wp\/v2\/types\/post"}],"author":[{"embeddable":true,"href":"https:\/\/dimensionturistica.com\/es\/wp-json\/wp\/v2\/users\/4"}],"replies":[{"embeddable":true,"href":"https:\/\/dimensionturistica.com\/es\/wp-json\/wp\/v2\/comments?post=94925"}],"version-history":[{"count":0,"href":"https:\/\/dimensionturistica.com\/es\/wp-json\/wp\/v2\/posts\/94925\/revisions"}],"wp:featuredmedia":[{"embeddable":true,"href":"https:\/\/dimensionturistica.com\/es\/wp-json\/wp\/v2\/media\/94926"}],"wp:attachment":[{"href":"https:\/\/dimensionturistica.com\/es\/wp-json\/wp\/v2\/media?parent=94925"}],"wp:term":[{"taxonomy":"category","embeddable":true,"href":"https:\/\/dimensionturistica.com\/es\/wp-json\/wp\/v2\/categories?post=94925"},{"taxonomy":"post_tag","embeddable":true,"href":"https:\/\/dimensionturistica.com\/es\/wp-json\/wp\/v2\/tags?post=94925"}],"curies":[{"name":"wp","href":"https:\/\/api.w.org\/{rel}","templated":true}]}}