{"id":94900,"date":"2021-03-12T18:02:45","date_gmt":"2021-03-12T18:02:45","guid":{"rendered":"https:\/\/dimensionturistica.com\/es\/?p=94900"},"modified":"2021-03-12T18:02:45","modified_gmt":"2021-03-12T18:02:45","slug":"hombres-armados-provocan-movilizacion-de-autoridades","status":"publish","type":"post","link":"https:\/\/dimensionturistica.com\/es\/hombres-armados-provocan-movilizacion-de-autoridades\/","title":{"rendered":"Hombres armados provocan movilizaci\u00f3n de autoridades"},"content":{"rendered":"<p> <br \/>\n<\/p>\n<div>\n<p>La noche de este jueves se registr\u00f3 una gran movilizaci\u00f3n de unidades de la Polic\u00eda Municipal, Polic\u00eda Estatal, Guardia Nacional y Marina en las inmediaciones de la colonia Aurora y conocido supermercado ubicado en el crucero de El Pitillal.<\/p>\n<p>El reporte a los agentes de una unidad de la Polic\u00eda quienes realizaban su recorrido los llev\u00f3 hasta la avenida Universo en el fraccionamiento La Aurora, frente a los <strong>edificios 2003 y 2002<\/strong> donde se\u00f1alaban que ah\u00ed se encontraba <strong>un veh\u00edculo Charger coloration blanco<\/strong> con placas de <strong>Michoac\u00e1n<\/strong> y polarizado de donde se hab\u00edan bajado tres sujetos quienes <strong>estaban armados<\/strong>.<\/p>\n<p>R\u00e1pidamente los agentes de la Polic\u00eda se dirigieron al lugar para verificar el reporte y lograron encontrar el veh\u00edculo estacionado.<\/p>\n<p>Asimismo debido al reporte llegaron al sitio seis unidades m\u00e1s para brindar apoyo.<\/p>\n<p>Los agentes se entrevistaron con los tres sujetos quienes se identificaron como elementos de la <a rel=\"nofollow noopener\" target=\"_blank\" title=\"Polic\u00eda Estatal del estado de Michoac\u00e1n\" href=\"http:\/\/ssp.michoacan.gob.mx\/\">Polic\u00eda Estatal del estado de Michoac\u00e1n<\/a> y tra\u00edan su oficio de comisi\u00f3n, la situaci\u00f3n fue que la Polic\u00eda Municipal nunca fue informada del ingreso de estos al puerto, lo que gener\u00f3 dudas, por lo que solicitaron la presencia de la Guardia Nacional para que revisaran sus armas cortas y largas.<\/p>\n<p>Al remaining <strong>todo se aclar\u00f3 y los dejaron ir<\/strong> luego de constatar que \u00fanicamente hab\u00edan dado aviso a la Fiscal\u00eda del ingreso de la unidad con cuatro elementos, uno de los cuales se qued\u00f3 en la ciudad de Guadalajara.<\/p>\n<p style=\"text-align: center;\"><img decoding=\"async\" src=\"https:\/\/dimensionturistica.com\/es\/wp-content\/uploads\/2021\/03\/Hombres-armados-provocan-movilizacion-de-autoridades.jpg\"\/><\/p>\n<p>Cuando los uniformados estaban en ese sitio recibieron otro reporte al paso donde se\u00f1alaban que en el estacionamiento de el supermercado ubicado en el crucero de El Pitillal <strong>se encontraba una camioneta de lujo en coloration blanco<\/strong>, con placas de Nayarit y polarizada de donde de igual forma se hab\u00edan bajado sujetos a quienes les alcanzaron ver armas largas.<\/p>\n<p>A su llegada, los agentes se dieron cuenta de que en efecto estaba la camioneta y al asomarse pudieron percatarse de armas largas, es decir<strong> rifles de alto calibre<\/strong> por lo cual de igual manera el estacionamiento se llen\u00f3 de unidades de la Polic\u00eda, Marina y de la Guardia Nacional quienes resguardaron el veh\u00edculo.<\/p>\n<p>Fue m\u00e1s tarde cuando salieron del supermercado los tripulantes quienes molestos cuestionaron la presencia de las autoridades en el lugar ante lo cual los oficiales les dijeron que \u00fanicamente estaban realizando su trabajo y atendiendo un reporte ciudadano, adem\u00e1s de que tra\u00edan armas.<\/p>\n<p>Private de la Guardia Nacional y de la Marina les informaron que si no ten\u00edan que temer mostraran los <strong>permisos correspondientes de las armas<\/strong> y se identificaran.<\/p>\n<p>Fue entonces que<strong> los hombres se identificaron como guardias de seguridad<\/strong> de una empresa privada quienes estaban custodiando a un empresario.<\/p>\n<p>Tras presentar las aportaciones de las armas e identificarse las autoridades continuaron con su labor.<\/p>\n<\/div>\n\n<p><em> &#8221; Fuentes tribunadelabahia.com.mx &#8221; <\/em><\/p>\n","protected":false},"excerpt":{"rendered":"<p>La noche de este jueves se registr\u00f3 una gran movilizaci\u00f3n de unidades de la Polic\u00eda Municipal, Polic\u00eda Estatal, Guardia Nacional y Marina en las inmediaciones de la colonia Aurora y conocido supermercado ubicado en el crucero de El Pitillal. El reporte a los agentes de una unidad de la Polic\u00eda quienes realizaban su recorrido los [&hellip;]<\/p>\n","protected":false},"author":4,"featured_media":94901,"comment_status":"open","ping_status":"closed","sticky":false,"template":"","format":"standard","meta":{"om_disable_all_campaigns":false,"jnews-multi-image_gallery":[],"jnews_single_post":[],"jnews_primary_category":[],"jnews_social_meta":[],"footnotes":""},"categories":[41],"tags":[],"class_list":["post-94900","post","type-post","status-publish","format-standard","has-post-thumbnail","hentry","category-cruceros"],"_links":{"self":[{"href":"https:\/\/dimensionturistica.com\/es\/wp-json\/wp\/v2\/posts\/94900","targetHints":{"allow":["GET"]}}],"collection":[{"href":"https:\/\/dimensionturistica.com\/es\/wp-json\/wp\/v2\/posts"}],"about":[{"href":"https:\/\/dimensionturistica.com\/es\/wp-json\/wp\/v2\/types\/post"}],"author":[{"embeddable":true,"href":"https:\/\/dimensionturistica.com\/es\/wp-json\/wp\/v2\/users\/4"}],"replies":[{"embeddable":true,"href":"https:\/\/dimensionturistica.com\/es\/wp-json\/wp\/v2\/comments?post=94900"}],"version-history":[{"count":0,"href":"https:\/\/dimensionturistica.com\/es\/wp-json\/wp\/v2\/posts\/94900\/revisions"}],"wp:featuredmedia":[{"embeddable":true,"href":"https:\/\/dimensionturistica.com\/es\/wp-json\/wp\/v2\/media\/94901"}],"wp:attachment":[{"href":"https:\/\/dimensionturistica.com\/es\/wp-json\/wp\/v2\/media?parent=94900"}],"wp:term":[{"taxonomy":"category","embeddable":true,"href":"https:\/\/dimensionturistica.com\/es\/wp-json\/wp\/v2\/categories?post=94900"},{"taxonomy":"post_tag","embeddable":true,"href":"https:\/\/dimensionturistica.com\/es\/wp-json\/wp\/v2\/tags?post=94900"}],"curies":[{"name":"wp","href":"https:\/\/api.w.org\/{rel}","templated":true}]}}