{"id":94885,"date":"2021-03-12T17:46:20","date_gmt":"2021-03-12T17:46:20","guid":{"rendered":"https:\/\/dimensionturistica.com\/es\/?p=94885"},"modified":"2021-03-12T17:46:20","modified_gmt":"2021-03-12T17:46:20","slug":"cozumel-al-borde-de-una-crisis-mayor","status":"publish","type":"post","link":"https:\/\/dimensionturistica.com\/es\/cozumel-al-borde-de-una-crisis-mayor\/","title":{"rendered":"Cozumel, al borde de una crisis mayor"},"content":{"rendered":"<p> <br \/>\n<\/p>\n<div>\n<p class=\"paragraph\" data-count=\"248\" data-wrap=\"43\">En la avenida Melgar, la principal de la isla de Cozumel, los negocios de venta de alimentos y de art\u00edculos tur\u00edsticos han tenido que cerrar debido al descenso en el n\u00famero de vacacionistas que visitan uno de los destinos m\u00e1s apreciados del Caribe.<\/p>\n<p class=\"paragraph\" data-count=\"171\" data-wrap=\"27\">La <strong>econom\u00eda de Cozumel<\/strong> y la de sus cerca de 100 mil habitantes, depende completamente de la industria tur\u00edstica, particularmente de las actividades ligadas a los cruceros.<\/p>\n<p class=\"paragraph\" data-count=\"198\" data-wrap=\"34\">Sin embargo, han pasado cerca de 11 meses desde que los \u2018hoteles flotantes\u2019 dejaron de atracar en Cozumel, el principal destino de cruceros en el mundo y el que mayor cantidad de cruceristas recibe.<\/p>\n<p class=\"paragraph\" data-count=\"345\" data-wrap=\"57\"><strong>Juan Pablo M\u00fcdespacher, presidente de la Asociaci\u00f3n de Hoteles de Cozumel<\/strong>, dijo a El Financiero que la isla es el municipio m\u00e1s afectado en todo el pa\u00eds por la disaster del turismo, por lo que est\u00e1n impulsando una serie de medidas para brindar la infraestructura necesaria a Cozumel, adem\u00e1s de brindar condiciones para fortalecerse en la pandemia.<\/p>\n<p class=\"paragraph\" data-count=\"130\" data-wrap=\"23\">\u201cNo queremos ser pesimistas y llegar a una crisis humanitaria y es por eso que alzamos la voz\u201d, explic\u00f3 M\u00fcdespacher a este diario.<\/p>\n<p class=\"paragraph\" data-count=\"276\" data-wrap=\"48\">La petici\u00f3n, hecha al presidente, forma parte de un decreto a la <strong>Ley de Islas <\/strong>que incentive la creaci\u00f3n de un transporte p\u00fablico para conectar a Cozumel con la parte continental del pa\u00eds, adem\u00e1s de la edificaci\u00f3n de un hospital de tercer grado y la simplificaci\u00f3n de tr\u00e1mites.<\/p>\n<p class=\"paragraph\" data-count=\"200\" data-wrap=\"31\">\u201cNo se puede llegar de forma gratuita a Cozumel, <strong>se tiene que pagar transporte mar\u00edtimo<\/strong>, los insumos tienen que llegar en transporte tur\u00edstico, que hace una generaci\u00f3n de impuestos diferente\u201d, se\u00f1al\u00f3.<\/p>\n<p class=\"paragraph\" data-count=\"247\" data-wrap=\"38\">Mientras <strong>los cruceros no retomen sus operaciones<\/strong>, los 22 hoteles que integran la <strong>Asociaci\u00f3n en Cozumel <\/strong>han sumado esfuerzos para atraer a los viajeros, ofreci\u00e9ndoles una estancia no \u2018masificada\u2019, aunque el arribo de turistas a las islas disminuy\u00f3.<\/p>\n<p class=\"paragraph\" data-count=\"269\" data-wrap=\"50\">Al cierre de 2020, <strong>se registr\u00f3 una ocupaci\u00f3n hotelera del 25 por ciento de la capacidad whole de la isla<\/strong>, lo que significa una ca\u00edda de 29 puntos porcentuales respecto a 2019, y en el primer mes de este a\u00f1o los hoteles tuvieron una afluencia promedio del 20 por ciento.<\/p>\n<p class=\"paragraph\" data-count=\"249\" data-wrap=\"41\">El turismo genera unos 12 mil empleos directos e indirectos en Cozumel, de los cuales, <strong>tres de cada 10 han sido borrados por la pandemia<\/strong>. Ante esta situaci\u00f3n, el gobierno municipal ha intentado subsanar la p\u00e9rdida de empleos con trabajos temporales.<\/p>\n<p class=\"paragraph\" data-count=\"170\" data-wrap=\"25\"><strong>Para Francisco Madrid, director del Centro de Investigaci\u00f3n y Competitividad Tur\u00edstica An\u00e1huac<\/strong>, el regreso de los cruceros no ocurrir\u00e1 dentro del primer semestre del a\u00f1o.<\/p>\n<p class=\"paragraph\" data-count=\"199\" data-wrap=\"36\">Pese a que el gobierno mexicano ha trabajado en un protocolo para el regreso seguro de los hoteles flotantes desde hace medio a\u00f1o, las navieras a\u00fan no saben c\u00f3mo y cu\u00e1ndo podr\u00e1n volver a los puertos.<\/p>\n<p class=\"paragraph\" data-count=\"16\" data-wrap=\"2\"><strong>Te recomendamos:<\/strong><\/p>\n<p class=\"paragraph\" data-count=\"78\" data-wrap=\"12\"><a rel=\"nofollow noopener\" target=\"_blank\" class=\"ef__link\" href=\"https:\/\/www.elfinanciero.com.mx\/economia\/cfe-licita-seis-centrales-de-generacion-ubicadas-en-zona-estrategicas-del-pais\">CFE licita seis centrales de generaci\u00f3n ubicadas en zona estrat\u00e9gicas del pa\u00eds<\/a><\/p>\n<p class=\"paragraph\" data-count=\"92\" data-wrap=\"15\"><a rel=\"nofollow noopener\" target=\"_blank\" class=\"ef__link\" href=\"https:\/\/www.elfinanciero.com.mx\/economia\/covid-19-aumento-demanda-de-servicios-en-sistema-de-pagos-de-banxico-alejandro-diaz-de-leon\">COVID-19 aument\u00f3 demanda de servicios en sistema de pagos de Banxico: Alejandro D\u00edaz de Le\u00f3n<\/a><\/p>\n<\/div>\n\n<p><em> &#8221; Fuentes www.elfinanciero.com.mx &#8221; <\/em><\/p>\n","protected":false},"excerpt":{"rendered":"<p>En la avenida Melgar, la principal de la isla de Cozumel, los negocios de venta de alimentos y de art\u00edculos tur\u00edsticos han tenido que cerrar debido al descenso en el n\u00famero de vacacionistas que visitan uno de los destinos m\u00e1s apreciados del Caribe. La econom\u00eda de Cozumel y la de sus cerca de 100 mil [&hellip;]<\/p>\n","protected":false},"author":4,"featured_media":94886,"comment_status":"open","ping_status":"closed","sticky":false,"template":"","format":"standard","meta":{"om_disable_all_campaigns":false,"jnews-multi-image_gallery":[],"jnews_single_post":[],"jnews_primary_category":[],"jnews_social_meta":[],"footnotes":""},"categories":[41],"tags":[],"class_list":["post-94885","post","type-post","status-publish","format-standard","has-post-thumbnail","hentry","category-cruceros"],"_links":{"self":[{"href":"https:\/\/dimensionturistica.com\/es\/wp-json\/wp\/v2\/posts\/94885","targetHints":{"allow":["GET"]}}],"collection":[{"href":"https:\/\/dimensionturistica.com\/es\/wp-json\/wp\/v2\/posts"}],"about":[{"href":"https:\/\/dimensionturistica.com\/es\/wp-json\/wp\/v2\/types\/post"}],"author":[{"embeddable":true,"href":"https:\/\/dimensionturistica.com\/es\/wp-json\/wp\/v2\/users\/4"}],"replies":[{"embeddable":true,"href":"https:\/\/dimensionturistica.com\/es\/wp-json\/wp\/v2\/comments?post=94885"}],"version-history":[{"count":0,"href":"https:\/\/dimensionturistica.com\/es\/wp-json\/wp\/v2\/posts\/94885\/revisions"}],"wp:featuredmedia":[{"embeddable":true,"href":"https:\/\/dimensionturistica.com\/es\/wp-json\/wp\/v2\/media\/94886"}],"wp:attachment":[{"href":"https:\/\/dimensionturistica.com\/es\/wp-json\/wp\/v2\/media?parent=94885"}],"wp:term":[{"taxonomy":"category","embeddable":true,"href":"https:\/\/dimensionturistica.com\/es\/wp-json\/wp\/v2\/categories?post=94885"},{"taxonomy":"post_tag","embeddable":true,"href":"https:\/\/dimensionturistica.com\/es\/wp-json\/wp\/v2\/tags?post=94885"}],"curies":[{"name":"wp","href":"https:\/\/api.w.org\/{rel}","templated":true}]}}