{"id":94808,"date":"2021-03-12T15:36:49","date_gmt":"2021-03-12T15:36:49","guid":{"rendered":"https:\/\/dimensionturistica.com\/es\/?p=94808"},"modified":"2021-03-12T15:36:49","modified_gmt":"2021-03-12T15:36:49","slug":"balmaceda-defiende-ante-peralta-la-corona-nacional-que-logro-ante-el-juninense-pablo-pokemon-farias-diario-democracia","status":"publish","type":"post","link":"https:\/\/dimensionturistica.com\/es\/balmaceda-defiende-ante-peralta-la-corona-nacional-que-logro-ante-el-juninense-pablo-pokemon-farias-diario-democracia\/","title":{"rendered":"Balmaceda defiende ante Peralta la corona nacional que logr\u00f3 ante el juninense Pablo \u201cPokem\u00f3n\u201d Far\u00edas \u2022 Diario Democracia"},"content":{"rendered":"<p> <br \/>\n<\/p>\n<div>\n<p>El campe\u00f3n sudamericano y latino crucero del Consejo Mundial de Boxeo (CMB), el doble ol\u00edmpico e invicto bonaerense Yamil Peralta, se enfrentar\u00e1 al monarca argentino crucero, el cordob\u00e9s Dar\u00edo Balmaceda, quien buscar\u00e1 defender por primera ocasi\u00f3n su corona argentina, en un esperado duelo revancha, en uno de los combates estelares de la velada box\u00edstica que se desarrollar\u00e1 hoy viernes.<br \/>&#13;<br \/>\nSe concretar\u00e1 en el Parque de la Ciudad de Cutral C\u00f3, Neuqu\u00e9n, en una nueva producci\u00f3n de Argentina Boxing Promotions, de Mario Margossian, que ser\u00e1 transmitida en vivo a trav\u00e9s de TyC Sports activities a partir de las 22, para Argentina y toda Am\u00e9rica. TyC Sports activities Play iniciar\u00e1 en vivo a las 20:30.\u00a0<br \/>&#13;<br \/>\nEn el otro combate estelar de la noche, el noqueador neuquino Dami\u00e1n \u201cChiva\u201d Rojas se enfrentar\u00e1 al estilista marplatense Mat\u00edas \u201cEl distinto\u201d Leiva, en disputa del t\u00edtulo Fedebol ligero de la Asociaci\u00f3n Mundial de Boxeo (AMB), que se encuentra vacante.<br \/>&#13;<br \/>\nPeralta (invicto en ocho peleas, todas ganadas, tres or fuera de combate), N\u00ba 1 del rating argentino crucero y N\u00ba 19 del rating mundial CMB, ol\u00edmpico en Londres 2012 -con diploma ol\u00edmpico incluido- y en R\u00edo de Janeiro 2016, dio cuenta de Balmaceda (19 triunfos y otras tantas derrotas, m\u00e1s dos empates, con 13definiciones por la v\u00eda r\u00e1pida) por nocaut t\u00e9cnico en el noveno asalto y as\u00ed lo destron\u00f3 del t\u00edtulo sudamericano en Los Polvorines, Buenos Aires. Ahora, tendr\u00e1n desquite.\u00a0<br \/>&#13;<br \/>\nEl nacido en Del Viso hace 29 a\u00f1os, quien el 11 de mayo de 2019 domin\u00f3 al puntano Marcos Aumada en fallo un\u00e1nime y lo destron\u00f3 del cetro latino CMB, tras retener sobre Aumada y destronar de la corona sudamericana a Balmaceda, la retuvo sobre los bonaerenses Marcos Karalitzky y Gustavo Schmitt, a quien liquid\u00f3 en cuatro el 11 diciembre en Gar\u00edn, Buenos Aires.\u00a0<br \/>&#13;<br \/>\nEnfrente volver\u00e1 a estar Balmaceda, oriundo de Coronel Moldes, de 36 a\u00f1os, que se midi\u00f3 a los m\u00e1s destacados del pa\u00eds como los bonaerenses Javier Maciel, Ezequiel Maderna, Walter Sequeira y Roberto Bolonti, venciera al salte\u00f1o Javier Maman\u00ed, los cordobeses Jos\u00e9 Clavero y Mariano Gudi\u00f1o y el porte\u00f1o Patricio Pitto.<br \/>&#13;<br \/>\nAdem\u00e1s, incursion\u00f3 en Europa ante nombres de la talla del ingl\u00e9s George Groves, el colombiano Roamer Angulo, el italiano Fabio Turchi y el ruso Evgeny Romanov. Buscar\u00e1 defender por primera vez el cetro que conquist\u00f3 el 20 de abril de 2019 cuando noque\u00f3 por segunda vez al juninense Pablo \u201cPokem\u00f3n\u201d Far\u00edas en el sexto, unificando cetros.<\/p>\n<p><strong>Rojas-Leiva en\u00a0imperdible duelo<\/strong><br \/>&#13;<br \/>\nEn el otro combate estelar de la noche, el noqueador neuquino Dami\u00e1n \u201cChiva\u201d Rojas (13-2, 10 KOs) se enfrentar\u00e1 al estilista marplatense Mat\u00edas \u201cEl distinto\u201d Leiva (5-2-1, 1 KO), en disputa del t\u00edtulo fedebol ligero AMB, que se encuentra vacante.\u00a0<br \/>&#13;<br \/>\nEn un duelo de estilos entre un pegador y un elegante, el hijo pr\u00f3digo de la ciudad, Rojas, nacido en Cutral C\u00f3 hace 25 a\u00f1os, precise N\u00ba 5 del rating argentino superpluma, tendr\u00e1 la oportunidad de consagrarse frente a su gente.<br \/>&#13;<br \/>\nLuego de superar entre otros al platense Sergio Estrela, el salte\u00f1o Daniel Sosa y el uruguayo Mart\u00edn Severo, llega del pasado 19 de diciembre dominar al bonaerense C\u00e9sar P\u00e9rez en fallo un\u00e1nime a su gran probability.<br \/>&#13;<br \/>\nSe enfrentar\u00e1 a Leiva, un a\u00f1o mayor, conocido por su fina t\u00e9cnica, vencedor del bonaerense Nicol\u00e1s Paz, que viene de caer en duelo revancha -tras igualar el primero- con el invicto bonaerense Federico Pedraza en decisi\u00f3n mayoritaria, y est\u00e1 listo para coronarse.<\/p>\n<p><strong>Atractivo respaldo\u00a0con j\u00f3venes neuquinos<\/strong><br \/>&#13;<br \/>\nM\u00e1s all\u00e1 de los duelos estelares, una atractiva programaci\u00f3n completa la cartelera. En el principal combate complementario, en duelo neuquino, el native Ezequiel \u201cKelo\u201d Nieva (debut\u00f3 perdiendo) se medir\u00e1 al capitalino Andr\u00e9s \u201cEl carnicero\u201d Panguilef (tiene dos derrotas y un empate), en un enfrentamiento enmarcado en la categor\u00eda ligero y a la distancia cuatro asaltos.\u00a0<br \/>&#13;<br \/>\nFinalmente, en otra atracci\u00f3n de la noche, en choque de debutantes neuquinos encuadrado en la divisi\u00f3n superligero, el capitalino Axel \u201cEl misil\u201d Isla chocar\u00e1 contra el oriundo de Zapala, Yago \u201cEl rayo\u201d Mellado, a cuatro rounds.<\/p>\n<\/p><\/div>\n<p><script>\n      !function(f,b,e,v,n,t,s)\n      {if(f.fbq)return;n=f.fbq=function(){n.callMethod?\n      n.callMethod.apply(n,arguments):n.queue.push(arguments)};\n      if(!f._fbq)f._fbq=n;n.push=n;n.loaded=!0;n.version='2.0';\n      n.queue=[];t=b.createElement(e);t.async=!0;\n      t.src=v;s=b.getElementsByTagName(e)[0];\n      s.parentNode.insertBefore(t,s)}(window, document,'script',\n      'https:\/\/connect.facebook.net\/en_US\/fbevents.js');\n      fbq('init', '417742019389522');\n      fbq('track', 'PageView');\n    <\/script><script>(function(d, s, id) {\n      var js, fjs = d.getElementsByTagName(s)[0];\n      if (d.getElementById(id)) return;\n      js = d.createElement(s); js.id = id;\n      js.src = \"https:\/\/connect.facebook.net\/es_LA\/sdk.js#xfbml=1&version=v2.8&appId=1304808662939486\";\n      fjs.parentNode.insertBefore(js, fjs);\n    }(document, 'script', 'facebook-jssdk'));<\/script><br \/>\n<br \/><\/p>\n<p><em> &#8221; Fuentes www.diariodemocracia.com &#8221; <\/em><\/p>\n","protected":false},"excerpt":{"rendered":"<p>El campe\u00f3n sudamericano y latino crucero del Consejo Mundial de Boxeo (CMB), el doble ol\u00edmpico e invicto bonaerense Yamil Peralta, se enfrentar\u00e1 al monarca argentino crucero, el cordob\u00e9s Dar\u00edo Balmaceda, quien buscar\u00e1 defender por primera ocasi\u00f3n su corona argentina, en un esperado duelo revancha, en uno de los combates estelares de la velada box\u00edstica que [&hellip;]<\/p>\n","protected":false},"author":4,"featured_media":94809,"comment_status":"open","ping_status":"closed","sticky":false,"template":"","format":"standard","meta":{"om_disable_all_campaigns":false,"jnews-multi-image_gallery":[],"jnews_single_post":[],"jnews_primary_category":[],"jnews_social_meta":[],"footnotes":""},"categories":[41],"tags":[],"class_list":["post-94808","post","type-post","status-publish","format-standard","has-post-thumbnail","hentry","category-cruceros"],"_links":{"self":[{"href":"https:\/\/dimensionturistica.com\/es\/wp-json\/wp\/v2\/posts\/94808","targetHints":{"allow":["GET"]}}],"collection":[{"href":"https:\/\/dimensionturistica.com\/es\/wp-json\/wp\/v2\/posts"}],"about":[{"href":"https:\/\/dimensionturistica.com\/es\/wp-json\/wp\/v2\/types\/post"}],"author":[{"embeddable":true,"href":"https:\/\/dimensionturistica.com\/es\/wp-json\/wp\/v2\/users\/4"}],"replies":[{"embeddable":true,"href":"https:\/\/dimensionturistica.com\/es\/wp-json\/wp\/v2\/comments?post=94808"}],"version-history":[{"count":0,"href":"https:\/\/dimensionturistica.com\/es\/wp-json\/wp\/v2\/posts\/94808\/revisions"}],"wp:featuredmedia":[{"embeddable":true,"href":"https:\/\/dimensionturistica.com\/es\/wp-json\/wp\/v2\/media\/94809"}],"wp:attachment":[{"href":"https:\/\/dimensionturistica.com\/es\/wp-json\/wp\/v2\/media?parent=94808"}],"wp:term":[{"taxonomy":"category","embeddable":true,"href":"https:\/\/dimensionturistica.com\/es\/wp-json\/wp\/v2\/categories?post=94808"},{"taxonomy":"post_tag","embeddable":true,"href":"https:\/\/dimensionturistica.com\/es\/wp-json\/wp\/v2\/tags?post=94808"}],"curies":[{"name":"wp","href":"https:\/\/api.w.org\/{rel}","templated":true}]}}