{"id":94790,"date":"2021-03-12T15:10:34","date_gmt":"2021-03-12T15:10:34","guid":{"rendered":"https:\/\/dimensionturistica.com\/es\/?p=94790"},"modified":"2021-03-12T15:10:34","modified_gmt":"2021-03-12T15:10:34","slug":"aitona-se-tine-de-rosa-con-la-llegada-de-la-primavera","status":"publish","type":"post","link":"https:\/\/dimensionturistica.com\/es\/aitona-se-tine-de-rosa-con-la-llegada-de-la-primavera\/","title":{"rendered":"Aitona se ti\u00f1e de rosa con la llegada de la primavera"},"content":{"rendered":"<p> <br \/>\n<\/p>\n<div id=\"articlebody\">\n<p>Un vasto oc\u00e9ano rosa y naranja se extiende en los campos de Aitona con la llegada de la primavera. En este pueblo de Lleida, <strong>los \u00e1rboles frutales en flor crean este colorido espect\u00e1culo visible<\/strong>, uno de los m\u00e1s bellos de Catalu\u00f1a y de toda Espa\u00f1a.<\/p>\n<p><img decoding=\"async\" src=\"https:\/\/img2.viajar.elperiodico.com\/29\/a6\/60\/arboles-flor-aitona-650x434.jpg\"\/><\/p>\n<p>Aitona es un peque\u00f1o pueblo de apenas dos mil habitantes <strong>situado en la ribera baja del r\u00edo Segre<\/strong>. Se dedica principalmente a la agricultura con el cultivo de olivos, almendros, trigo y cebada, pero son sus \u00e1rboles frutales los que se llevan la palma. <strong>Desde finales de febrero y a lo largo de marzo, con la llegada de la primavera<\/strong>, estos \u00e1rboles ofrecen un m\u00e1gico paisaje que no tiene nada que envidiar a los famosos cerezos en flor japoneses o los campos de lavanda de la Provenza francesa.<\/p>\n<p><img decoding=\"async\" src=\"https:\/\/img3.viajar.elperiodico.com\/eb\/cf\/e2\/arboles-flor-aitona-650x437.jpg\"\/><\/p>\n<p>Se trata de \u00e1rboles de <strong>melocotones, cerezas, nectarinas, peras, albaricoques y membrillos<\/strong>, que producen anualmente m\u00e1s de 150 millones de kilos de estas frutas variadas. Y as\u00ed, podr\u00e1s disfrutar de las <strong>diferentes tonalidades de las flores de cada especie de \u00e1rbol<\/strong>, aunque el shade principal siempre es el rosa en sus diferentes variantes con toques naranjas y blancos.<\/p>\n<p><img decoding=\"async\" src=\"https:\/\/img3.viajar.elperiodico.com\/5e\/d6\/1b\/arboles-flor-aitona-650x440.jpg\"\/><\/p>\n<p>Si uno prefiere ir por libre, hay muchas rutas para deleitarse con este paisaje y perderse por sus caminos, <strong>desde paseos a pie, en bicicleta o incluso en globo para tener una vista completa de los campos<\/strong>.<\/p>\n<p>Adem\u00e1s, el propio pueblo de Aitona organiza rutas guiadas para que todos los visitantes puedan disfrutar de esta experiencia en todo su crom\u00e1tico esplendor. Se trata de <strong>una campa\u00f1a tur\u00edstica bautizada como Fruiturisme<\/strong>, que este 2021 ya ha recibido a sus primeros visitantes, siguiendo las medidas de seguridad por la covid-19. La \u2018<strong>Ruta del \u00e1rbol frutal<\/strong>\u2019, una de las rutas m\u00e1s sencillas, parte del pueblo para visitar las plantaciones cercanas a este y recorre toda la huerta y una parte de la ribera de Segre.<\/p>\n<p><img decoding=\"async\" src=\"https:\/\/img4.viajar.elperiodico.com\/9d\/47\/ce\/arboles-flor-aitona-650x429.jpg\"\/><\/p>\n<p>Pero si quieres ver el paisaje desde m\u00e1s altura, la segunda opci\u00f3n, la \u2018<strong>Ruta de Sierra Brisa<\/strong>\u2019, permite contemplar una vista panor\u00e1mica del paisaje agr\u00edcola de Aitona subiendo a las colinas y cerros situados junto al pueblo. En este segundo recorrido tambi\u00e9n podr\u00e1s visitar la Ermita de San Juan de Carretal\u00e1, construida en el siglo XIII bajo un estilo rom\u00e1nico. Y es que desde all\u00ed es donde se ven <strong>las mejores vista panor\u00e1micas de este oc\u00e9ano rosa<\/strong>.<\/p>\n<\/p><\/div>\n<p><script src=\"https:\/\/connect.facebook.net\/es_ES\/sdk.js\"><\/script><br \/>\n<br \/><\/p>\n<p><em> &#8221; Fuentes viajar.elperiodico.com &#8221; <\/em><\/p>\n","protected":false},"excerpt":{"rendered":"<p>Un vasto oc\u00e9ano rosa y naranja se extiende en los campos de Aitona con la llegada de la primavera. En este pueblo de Lleida, los \u00e1rboles frutales en flor crean este colorido espect\u00e1culo visible, uno de los m\u00e1s bellos de Catalu\u00f1a y de toda Espa\u00f1a. Aitona es un peque\u00f1o pueblo de apenas dos mil habitantes [&hellip;]<\/p>\n","protected":false},"author":4,"featured_media":94791,"comment_status":"open","ping_status":"closed","sticky":false,"template":"","format":"standard","meta":{"om_disable_all_campaigns":false,"jnews-multi-image_gallery":[],"jnews_single_post":[],"jnews_primary_category":[],"jnews_social_meta":[],"footnotes":""},"categories":[39],"tags":[19652,19653,19654,13211,8301,19655],"class_list":["post-94790","post","type-post","status-publish","format-standard","has-post-thumbnail","hentry","category-viajes","tag-aitona","tag-arboles-en-flor","tag-campos-de-flores","tag-lleida","tag-primavera","tag-primavera-2021"],"_links":{"self":[{"href":"https:\/\/dimensionturistica.com\/es\/wp-json\/wp\/v2\/posts\/94790","targetHints":{"allow":["GET"]}}],"collection":[{"href":"https:\/\/dimensionturistica.com\/es\/wp-json\/wp\/v2\/posts"}],"about":[{"href":"https:\/\/dimensionturistica.com\/es\/wp-json\/wp\/v2\/types\/post"}],"author":[{"embeddable":true,"href":"https:\/\/dimensionturistica.com\/es\/wp-json\/wp\/v2\/users\/4"}],"replies":[{"embeddable":true,"href":"https:\/\/dimensionturistica.com\/es\/wp-json\/wp\/v2\/comments?post=94790"}],"version-history":[{"count":0,"href":"https:\/\/dimensionturistica.com\/es\/wp-json\/wp\/v2\/posts\/94790\/revisions"}],"wp:featuredmedia":[{"embeddable":true,"href":"https:\/\/dimensionturistica.com\/es\/wp-json\/wp\/v2\/media\/94791"}],"wp:attachment":[{"href":"https:\/\/dimensionturistica.com\/es\/wp-json\/wp\/v2\/media?parent=94790"}],"wp:term":[{"taxonomy":"category","embeddable":true,"href":"https:\/\/dimensionturistica.com\/es\/wp-json\/wp\/v2\/categories?post=94790"},{"taxonomy":"post_tag","embeddable":true,"href":"https:\/\/dimensionturistica.com\/es\/wp-json\/wp\/v2\/tags?post=94790"}],"curies":[{"name":"wp","href":"https:\/\/api.w.org\/{rel}","templated":true}]}}