{"id":947298,"date":"2025-03-20T10:45:09","date_gmt":"2025-03-20T10:45:09","guid":{"rendered":"https:\/\/dimensionturistica.com\/es\/?p=947298"},"modified":"2025-03-20T10:45:09","modified_gmt":"2025-03-20T10:45:09","slug":"que-ropa-elegir-para-un-funeral","status":"publish","type":"post","link":"https:\/\/dimensionturistica.com\/es\/que-ropa-elegir-para-un-funeral\/","title":{"rendered":"\u00bfQu\u00e9 ropa elegir para un funeral?"},"content":{"rendered":"<h3>Elegancia en la Despedida: La Moda en los Funerales<\/h3>\n<p>Los funerales son momentos de profundo significado, donde la solemnidad y el respeto prevalecen en un ambiente de p\u00e9rdida y reflexi\u00f3n. Aun as\u00ed, la vestimenta que elegimos para estas ocasiones puede expresar apoyo y respeto hacia la persona fallecida y sus seres queridos. Si bien tradicionalmente se asocia al negro como el color del luto, la moda en estos momentos ha evolucionado, abriendo un abanico de opciones que invitan a la elegancia sin sacrificar la sensibilidad del momento.<\/p>\n<p><strong>La Paleta de Colores Adecuada<\/strong><\/p>\n<p>Aunque el negro sigue siendo la opci\u00f3n m\u00e1s cl\u00e1sica y segura, hay muchas otras tonalidades que se consideran apropiadas. Colores como el gris, azul marino, y tonos oscuros de verde o burdeos pueden transmitir un aire de sobriedad y respeto. Las texturas tambi\u00e9n juegan un papel importante; las prendas de tejidos suaves como la lana o el algod\u00f3n brindan una sensaci\u00f3n de calidez y consuelo. <\/p>\n<p><strong>La Importancia de la Comodidad<\/strong><\/p>\n<p>Adem\u00e1s de la est\u00e9tica, la comodidad es un factor crucial en la elecci\u00f3n de la vestimenta para un funeral. Considerando que estos eventos pueden durar varias horas, es esencial que la ropa elegida permita moverse con libertad y est\u00e9 adaptada a la temporada. Un vestido ligero o un traje de dos piezas bien ajustado no solo se ver\u00e1n bien, sino que tambi\u00e9n garantizar\u00e1n que el atuendo no distraiga del prop\u00f3sito del d\u00eda.<\/p>\n<p><strong>Detalles que Hacen la Diferencia<\/strong><\/p>\n<p>Los accesorios pueden complementar un atuendo, pero deben elegirse con cuidado. Optar por piezas minimalistas y discretas es la clave para no desentonar. Un simple par de pendientes o una pulsera que no llame excesivamente la atenci\u00f3n pueden enriquecer la imagen sin restarle protagonismo al momento. Asimismo, un chal o una bufanda pueden ser \u00fatiles no solo para abrigar, sino tambi\u00e9n para a\u00f1adir un toque de sofisticaci\u00f3n.<\/p>\n<p><strong>Desde un Enfoque Cultural<\/strong><\/p>\n<p>Es importante tener en cuenta que las tradiciones funerarias pueden variar significativamente seg\u00fan la cultura y la religi\u00f3n. En algunas culturas, los colores vibrantes son perfectamente aceptables, mientras que en otras la rigidez del vestido negro es la norma. Informarse sobre las costumbres particulares del evento es crucial para mostrar el respeto debido y evitar posibles malentendidos.<\/p>\n<p><strong>Adapta tu Estilo Personal<\/strong><\/p>\n<p>Aunque el contexto es sobrio, esto no significa que uno deba renunciar por completo a su estilo personal. Es posible incorporar elementos de tu propia est\u00e9tica, ya sea a trav\u00e9s de un corte de prendas cl\u00e1sico o un toque moderno en los accesorios. La clave est\u00e1 en mantener el equilibrio entre lo que te hace sentir aut\u00e9ntico y lo que es apropiado para la ocasi\u00f3n.<\/p>\n<p><strong>Conclusi\u00f3n: Viste con Respeto y Empat\u00eda<\/strong><\/p>\n<p>La vestimenta elegida para un funeral debe reflejar no solo el respeto hacia el difunto, sino tambi\u00e9n hacia quienes le sobreviven. Se trata de un acto de empat\u00eda, donde lo m\u00e1s importante es el apoyo emocional. Al final del d\u00eda, lo que llevamos puesto sirve como un medio para expresar nuestra condolencia y acompa\u00f1ar a aquellos que enfrentan la dif\u00edcil tarea de despedir a un ser querido. En esta traves\u00eda emocional, cada prenda se convierte en un s\u00edmbolo de amor y bienvenida en un momento de tristeza.<\/p>\n<p><em> &#8221; Sources www.vogue.com &#8221; <\/em><\/p>\n<p><em> &#8221; Fuentes www.vogue.com &#8221; <\/em><\/p>\n","protected":false},"excerpt":{"rendered":"<p>Elegancia en la Despedida: La Moda en los Funerales Los funerales son momentos de profundo significado, donde la solemnidad y el respeto prevalecen en un ambiente de p\u00e9rdida y reflexi\u00f3n. Aun as\u00ed, la vestimenta que elegimos para estas ocasiones puede expresar apoyo y respeto hacia la persona fallecida y sus seres queridos. Si bien tradicionalmente [&hellip;]<\/p>\n","protected":false},"author":4,"featured_media":947299,"comment_status":"open","ping_status":"closed","sticky":false,"template":"","format":"standard","meta":{"om_disable_all_campaigns":false,"jnews-multi-image_gallery":[],"jnews_single_post":[],"jnews_primary_category":[],"jnews_social_meta":[],"footnotes":""},"categories":[144872],"tags":[212825,214900,121261,214897,177241,198524,214894,214895,214899,214898,214896],"class_list":["post-947298","post","type-post","status-publish","format-standard","has-post-thumbnail","hentry","category-fashion","tag-addressed","tag-cultural-customs","tag-dress-code","tag-end-of-life","tag-etiquette","tag-fashion-tips","tag-funeral-attire","tag-grieving","tag-memorial-service","tag-mourning","tag-respectful-clothing"],"_links":{"self":[{"href":"https:\/\/dimensionturistica.com\/es\/wp-json\/wp\/v2\/posts\/947298","targetHints":{"allow":["GET"]}}],"collection":[{"href":"https:\/\/dimensionturistica.com\/es\/wp-json\/wp\/v2\/posts"}],"about":[{"href":"https:\/\/dimensionturistica.com\/es\/wp-json\/wp\/v2\/types\/post"}],"author":[{"embeddable":true,"href":"https:\/\/dimensionturistica.com\/es\/wp-json\/wp\/v2\/users\/4"}],"replies":[{"embeddable":true,"href":"https:\/\/dimensionturistica.com\/es\/wp-json\/wp\/v2\/comments?post=947298"}],"version-history":[{"count":0,"href":"https:\/\/dimensionturistica.com\/es\/wp-json\/wp\/v2\/posts\/947298\/revisions"}],"wp:featuredmedia":[{"embeddable":true,"href":"https:\/\/dimensionturistica.com\/es\/wp-json\/wp\/v2\/media\/947299"}],"wp:attachment":[{"href":"https:\/\/dimensionturistica.com\/es\/wp-json\/wp\/v2\/media?parent=947298"}],"wp:term":[{"taxonomy":"category","embeddable":true,"href":"https:\/\/dimensionturistica.com\/es\/wp-json\/wp\/v2\/categories?post=947298"},{"taxonomy":"post_tag","embeddable":true,"href":"https:\/\/dimensionturistica.com\/es\/wp-json\/wp\/v2\/tags?post=947298"}],"curies":[{"name":"wp","href":"https:\/\/api.w.org\/{rel}","templated":true}]}}