{"id":94703,"date":"2021-03-12T12:26:22","date_gmt":"2021-03-12T12:26:22","guid":{"rendered":"https:\/\/dimensionturistica.com\/es\/?p=94703"},"modified":"2021-03-12T12:26:22","modified_gmt":"2021-03-12T12:26:22","slug":"nuevo-bintazo-a-destinos-nacionales-y-madeira-por-2670-euros","status":"publish","type":"post","link":"https:\/\/dimensionturistica.com\/es\/nuevo-bintazo-a-destinos-nacionales-y-madeira-por-2670-euros\/","title":{"rendered":"Nuevo Bintazo a destinos nacionales y Madeira por 26\u201970 euros"},"content":{"rendered":"<p> <br \/>\n<\/p>\n<div>\n<p>                <span itemprop=\"articleBody\"><\/p>\n<p><img decoding=\"async\" itemprop=\"image\" src=\"https:\/\/www.lancelotdigital.com\/images\/2021\/03\/20191204_085443p.jpg\"\/><\/p>\n<p>&#13;<\/p>\n<p style=\"text-align: left;\"><strong>Los billetes pueden adquirirse hasta el 25 de marzo, para volar entre el 8 de abril y el 31 de mayo<\/strong><\/p>\n<p>&#13;<br \/>\n &#13;<\/p>\n<p style=\"text-align: left;\">\u00a0<\/p>\n<p>&#13;<\/p>\n<li class=\"texto\"><i class=\"fa fa-file-text-o\"\/>Lancelot Digital<\/li>\n<p>\u00a0&#13;<\/p>\n<p style=\"text-align: left;\">\u00a0\u00a0\u00a0\u00a0\u00a0\u00a0\u00a0\u00a0\u00a0\u00a0\u00a0\u00a0\u00a0\u00a0\u00a0\u00a0\u00a0\u00a0\u00a0\u00a0\u00a0\u00a0<\/p>\n<p>&#13;<\/p>\n<p style=\"text-align: left;\">Binter lanza hoy un nuevo Bintazo que permitir\u00e1 a sus clientes adquirir billetes a precios m\u00e1s reducidos para volar entre Canarias y varios destinos nacionales e internacionales operados por la aerol\u00ednea. En concreto, se ofertan viajes desde 26,70 euros a Vigo, Mallorca, Murcia, Zaragoza, Pamplona, Santander, Vitoria &#8211; Gasteiz, Asturias y Jerez de la Frontera. La promoci\u00f3n tambi\u00e9n incluye vuelos a Madeira por 70,26 euros.<\/p>\n<p>&#13;<\/p>\n<p style=\"text-align: left;\">\u00a0<\/p>\n<p>&#13;<\/p>\n<p style=\"text-align: left;\">El nuevo Bintazo se aplicar\u00e1 a los billetes que se adquieran desde hoy y hasta el jueves 25 de marzo, para volar en el periodo comprendido entre el 8 de abril y el 31 de mayo.<\/p>\n<p>&#13;<\/p>\n<p style=\"text-align: left;\">\u00a0<\/p>\n<p>&#13;<\/p>\n<p style=\"text-align: left;\">A trav\u00e9s de esta oferta se puede acceder a billetes desde 26,69 euros. Este es el caso de los vuelos con Mallorca cuando el pasajero es residente en las islas. Estos precios por trayecto son v\u00e1lidos si se adquiere ida y vuelta, si bien este coste var\u00eda en funci\u00f3n de la ruta que se desee realizar.<\/p>\n<p>&#13;<\/p>\n<p style=\"text-align: left;\">\u00a0<\/p>\n<p>&#13;<\/p>\n<p style=\"text-align: left;\">Los vuelos nacionales de Binter se hacen a bordo de aviones Embraer E195-E2, un reactor de pasillo \u00fanico m\u00e1s silencioso, limpio y eficiente, con una configuraci\u00f3n de dos asientos por cada lado y con m\u00e1s espacio entre filas. Los vuelos con Madeira se realizan en un ATR, m\u00e1s adecuado a las condiciones de este tipo de viaje.<\/p>\n<p>&#13;<\/p>\n<p style=\"text-align: left;\">\u00a0<\/p>\n<p>&#13;<\/p>\n<p style=\"text-align: left;\">Todos los billetes de la aerol\u00ednea incluyen en el precio de sus tarifas, sin coste adicional para el pasajero, la facturaci\u00f3n de maleta, la elecci\u00f3n de asiento y un servicio a bordo de gran calidad con detalles como un men\u00fa de cortes\u00eda durante el vuelo.<\/p>\n<p>&#13;<\/p>\n<p style=\"text-align: left;\">\u00a0<\/p>\n<p>&#13;<\/p>\n<p>\t&#13;<\/p>\n<p style=\"text-align: left;\">\u00a0<\/p>\n<p>&#13;<\/p>\n<p style=\"text-align: left;\">Las personas que deseen aprovechar esta promoci\u00f3n pueden adquirir los billetes a trav\u00e9s de los canales de venta habituales de la compa\u00f1\u00eda: www.bintercanarias.com, la app de Binter, los tel\u00e9fonos\u00a0 922\/928 32 77 00, agencias de viajes y las oficinas de los aeropuertos, donde podr\u00e1n consultarse las condiciones y precios de los distintos destinos.<\/p>\n<p>&#13;<\/p>\n<p style=\"text-align: left;\">\u00a0\u00a0<\/p>\n<p>                    <\/span><\/p><\/div>\n<p><script src=\"https:\/\/connect.facebook.net\/es_ES\/all.js#xfbml=1\" type=\"text\/javascript\"><\/script><script type=\"text\/javascript\">\n\/\/<![CDATA[\n   \twindow.fbAsyncInit = function() {\n\t\tFB.init({ appId: '171342606239806', \n\t\t\tstatus: true, \n\t\t\tcookie: true,\n\t\t\txfbml: true,\n\t\t\toauth: true\n\t\t});\n   \t\t    \n\t  \t\t};\n    \/\/      \n    jQuery(window).load(function() {\n    \t(function(){\n    \t\tif(!document.getElementById('fb-root')) {\n    \t\t\tvar root = document.createElement('div');\n    \t\t\troot.id = 'fb-root';\n    \t\t\tdocument.getElementById('gkfb-root').appendChild(root);\n    \t\t\tvar e = document.createElement('script');\n    \t\t\te.src = document.location.protocol + '\/\/connect.facebook.net\/es_ES\/all.js';\n    \t\t\te.async = true;\n    \t\t\tdocument.getElementById('fb-root').appendChild(e);\n    \t\t}  \n    \t})();\n    });\n    \/\/]]>\n<\/script><br \/>\n<br \/><\/p>\n<p><em> &#8221; Fuentes www.lancelotdigital.com &#8221; <\/em><\/p>\n","protected":false},"excerpt":{"rendered":"<p>&#13; Los billetes pueden adquirirse hasta el 25 de marzo, para volar entre el 8 de abril y el 31 de mayo &#13; &#13; \u00a0 &#13; Lancelot Digital \u00a0&#13; \u00a0\u00a0\u00a0\u00a0\u00a0\u00a0\u00a0\u00a0\u00a0\u00a0\u00a0\u00a0\u00a0\u00a0\u00a0\u00a0\u00a0\u00a0\u00a0\u00a0\u00a0\u00a0 &#13; Binter lanza hoy un nuevo Bintazo que permitir\u00e1 a sus clientes adquirir billetes a precios m\u00e1s reducidos para volar entre Canarias y varios destinos [&hellip;]<\/p>\n","protected":false},"author":4,"featured_media":94704,"comment_status":"open","ping_status":"closed","sticky":false,"template":"","format":"standard","meta":{"om_disable_all_campaigns":false,"jnews-multi-image_gallery":[],"jnews_single_post":[],"jnews_primary_category":[],"jnews_social_meta":[],"footnotes":""},"categories":[40],"tags":[946],"class_list":["post-94703","post","type-post","status-publish","format-standard","has-post-thumbnail","hentry","category-industria","tag-lancelot-digital-noticias-lanzarote-diario-digital-periodico-canarias-sucesos-deportes-cultura-vida-social-opinion-semanario-revista"],"_links":{"self":[{"href":"https:\/\/dimensionturistica.com\/es\/wp-json\/wp\/v2\/posts\/94703","targetHints":{"allow":["GET"]}}],"collection":[{"href":"https:\/\/dimensionturistica.com\/es\/wp-json\/wp\/v2\/posts"}],"about":[{"href":"https:\/\/dimensionturistica.com\/es\/wp-json\/wp\/v2\/types\/post"}],"author":[{"embeddable":true,"href":"https:\/\/dimensionturistica.com\/es\/wp-json\/wp\/v2\/users\/4"}],"replies":[{"embeddable":true,"href":"https:\/\/dimensionturistica.com\/es\/wp-json\/wp\/v2\/comments?post=94703"}],"version-history":[{"count":0,"href":"https:\/\/dimensionturistica.com\/es\/wp-json\/wp\/v2\/posts\/94703\/revisions"}],"wp:featuredmedia":[{"embeddable":true,"href":"https:\/\/dimensionturistica.com\/es\/wp-json\/wp\/v2\/media\/94704"}],"wp:attachment":[{"href":"https:\/\/dimensionturistica.com\/es\/wp-json\/wp\/v2\/media?parent=94703"}],"wp:term":[{"taxonomy":"category","embeddable":true,"href":"https:\/\/dimensionturistica.com\/es\/wp-json\/wp\/v2\/categories?post=94703"},{"taxonomy":"post_tag","embeddable":true,"href":"https:\/\/dimensionturistica.com\/es\/wp-json\/wp\/v2\/tags?post=94703"}],"curies":[{"name":"wp","href":"https:\/\/api.w.org\/{rel}","templated":true}]}}