{"id":94667,"date":"2021-03-12T11:25:30","date_gmt":"2021-03-12T11:25:30","guid":{"rendered":"https:\/\/dimensionturistica.com\/es\/?p=94667"},"modified":"2021-03-12T11:25:30","modified_gmt":"2021-03-12T11:25:30","slug":"joven-muere-atropellado-en-el-crucero-de-viguera","status":"publish","type":"post","link":"https:\/\/dimensionturistica.com\/es\/joven-muere-atropellado-en-el-crucero-de-viguera\/","title":{"rendered":"Joven muere atropellado en el crucero de Viguera"},"content":{"rendered":"<p> <br \/>\n<\/p>\n<div id=\"content\">\n<div class=\"\">\n                                     \t\t\t\t\t\t\t\t\t \t<!-- \/227134889\/imp_1x1_single --><\/p>\n<p><span style=\"font-weight: 400;\">Un joven muri\u00f3 luego de haber sido atropellado sobre la Carretera Federal 190 a la altura del crucero de Trinidad de Viguera, la unida responsable fue abandonada aproximadamente a 400 metros de la zona.<\/span><\/p>\n<p><span style=\"font-weight: 400;\">Al filo de la medianoche de este mi\u00e9rcoles fue reportado un accidente donde una persona una persona fue atropellada cuando intentaba cruzar en la Carretera Federal 190 a la altura de la agencia quedando derribado en la zona en el carril Oaxaca, Etla en tanto el possible responsable se dio a la fuga.<\/span><\/p>\n<p><span style=\"font-weight: 400;\">Al lugar arribaron param\u00e9dicos de San Jacinto Amilpas para llevar a cabo la valoraci\u00f3n de la v\u00edctima indicando minutos despu\u00e9s de su arribo que la persona derribada estaba sin vida por lo que lo notificaron a las autoridades correspondientes para las diligencias en el caso.<\/span><\/p>\n<p><span style=\"font-weight: 400;\">El cuerpo fue levantado y llevado al anfiteatro de la ciudad en donde peritos determinar\u00edan la causa del deceso luego de su intervenci\u00f3n y esperaban la llegada de familiares para la identificaci\u00f3n authorized y reclamarlo.<\/span><\/p>\n<p><span style=\"font-weight: 400;\">La ma\u00f1ana del jueves, familiares del afectado se movilizaron para la identificar el cuerpo indicando que en vida respondi\u00f3 al nombre de David de 18 a\u00f1os de edad y vecino de la colonia Eucaliptos en la agencia de Pueblo Nuevo.<\/span><\/p>\n<p><span style=\"font-weight: 400;\">El ahora occiso se desempe\u00f1aba como empleado de una farmacia que se localiza en el crucero en donde ocurri\u00f3 la tragedia.<\/span><\/p>\n<p><span style=\"font-weight: 400;\">Vecinos refieren que el joven intentaba cruzar la carretera para dirigirse a su domicilio cuando fue golpeado por un veh\u00edculo specific.<\/span><\/p>\n<p><span style=\"font-weight: 400;\">A la llegada de las corporaciones polic\u00edacas al lugar, les indicaron que metros adelante sobre la misma carretera hab\u00eda sido abandonada una camioneta de coloration azul marca Volkswagen sin placas cuyo conductor se sabe que se dio a la fuga.<\/span><\/p>\n<p><span style=\"font-weight: 400;\">Ante las huellas visibles de un accidente la unidad fue asegurada y quedo bajo resguardo de las autoridades que en las pr\u00f3ximas horas autodeterminar\u00edan sobre su possible responsabilidad.<\/span><\/p>\n<p><span style=\"font-weight: 400;\">Por el caso la Fiscal\u00eda Basic del Estado abri\u00f3 la carpeta de investigaci\u00f3n correspondiente al delito de homicidio en contra de quien o quienes resulten responsables.<\/span><\/p>\n<p><span style=\"font-weight: 400;\">Amigos, compa\u00f1eros y familiares del joven muerto exigieron justicia ante las autoridades y el esclarecimiento del caso asegurando que se trataba de una muy buena persona y con todo un futuro por delante, adem\u00e1s que la unidad involucrada circulaba a exceso de velocidad cuando ocasion\u00f3 el percance con un desenlace deadly.<\/span><\/p>\n<p><!-- AI CONTENT END 1 -->\n                                                                          <\/div>\n<p>\u00a0<\/p>\n<p>        <!-- \/227134889\/video_1x1 --><\/p><\/div>\n<p><script>(function(d, s, id) {\n      var js, fjs = d.getElementsByTagName(s)[0];\n      if (d.getElementById(id)) return;\n      js = d.createElement(s); js.id = id;\n      js.src = \"https:\/\/connect.facebook.net\/es_ES\/sdk.js#xfbml=1&version=v2.9&appId=130988260805150\";\n      fjs.parentNode.insertBefore(js, fjs);\n    }(document, 'script', 'facebook-jssdk'));<\/script><br \/>\n<br \/><\/p>\n<p><em> &#8221; Fuentes imparcialoaxaca.mx &#8221; <\/em><\/p>\n","protected":false},"excerpt":{"rendered":"<p>Un joven muri\u00f3 luego de haber sido atropellado sobre la Carretera Federal 190 a la altura del crucero de Trinidad de Viguera, la unida responsable fue abandonada aproximadamente a 400 metros de la zona. Al filo de la medianoche de este mi\u00e9rcoles fue reportado un accidente donde una persona una persona fue atropellada cuando intentaba [&hellip;]<\/p>\n","protected":false},"author":4,"featured_media":94668,"comment_status":"open","ping_status":"closed","sticky":false,"template":"","format":"standard","meta":{"om_disable_all_campaigns":false,"jnews-multi-image_gallery":[],"jnews_single_post":[],"jnews_primary_category":[],"jnews_social_meta":[],"footnotes":""},"categories":[41],"tags":[],"class_list":["post-94667","post","type-post","status-publish","format-standard","has-post-thumbnail","hentry","category-cruceros"],"_links":{"self":[{"href":"https:\/\/dimensionturistica.com\/es\/wp-json\/wp\/v2\/posts\/94667","targetHints":{"allow":["GET"]}}],"collection":[{"href":"https:\/\/dimensionturistica.com\/es\/wp-json\/wp\/v2\/posts"}],"about":[{"href":"https:\/\/dimensionturistica.com\/es\/wp-json\/wp\/v2\/types\/post"}],"author":[{"embeddable":true,"href":"https:\/\/dimensionturistica.com\/es\/wp-json\/wp\/v2\/users\/4"}],"replies":[{"embeddable":true,"href":"https:\/\/dimensionturistica.com\/es\/wp-json\/wp\/v2\/comments?post=94667"}],"version-history":[{"count":0,"href":"https:\/\/dimensionturistica.com\/es\/wp-json\/wp\/v2\/posts\/94667\/revisions"}],"wp:featuredmedia":[{"embeddable":true,"href":"https:\/\/dimensionturistica.com\/es\/wp-json\/wp\/v2\/media\/94668"}],"wp:attachment":[{"href":"https:\/\/dimensionturistica.com\/es\/wp-json\/wp\/v2\/media?parent=94667"}],"wp:term":[{"taxonomy":"category","embeddable":true,"href":"https:\/\/dimensionturistica.com\/es\/wp-json\/wp\/v2\/categories?post=94667"},{"taxonomy":"post_tag","embeddable":true,"href":"https:\/\/dimensionturistica.com\/es\/wp-json\/wp\/v2\/tags?post=94667"}],"curies":[{"name":"wp","href":"https:\/\/api.w.org\/{rel}","templated":true}]}}