{"id":94622,"date":"2021-03-12T09:05:44","date_gmt":"2021-03-12T09:05:44","guid":{"rendered":"https:\/\/dimensionturistica.com\/es\/?p=94622"},"modified":"2021-03-12T09:05:44","modified_gmt":"2021-03-12T09:05:44","slug":"emirats-potencia-sus-servicios-a-maldivas-y-seychelles","status":"publish","type":"post","link":"https:\/\/dimensionturistica.com\/es\/emirats-potencia-sus-servicios-a-maldivas-y-seychelles\/","title":{"rendered":"Emirats potencia sus servicios a Maldivas y Seychelles"},"content":{"rendered":"<p> <br \/>\n<\/p>\n<div>\n<p><em>-LA AEROL\u00cdNEA HA INCREMENTADO LOS VUELOS A DESTINOS POPULARES EN EL OC\u00c9ANO \u00cdNDICO, SATISFACIENDO LA DEMANDA DEL MERCADO Y OFRECIENDO A LOS CLIENTES UNA MAYOR FLEXIBILIDAD Y ELECCI\u00d3N PARA LAS VACACIONES DE PASCUA <\/em><\/p>\n<div class=\"wysiwyg-photo\"><img decoding=\"async\" src=\"https:\/\/static.hosteltur.com\/app\/public\/uploads\/img\/releases\/2021\/03\/12\/L_093633_incremento-frecuencias-maldivas-y-seychelles-scale.jpg\" alt=\"Imagen nota de prensa Hosteltur\" width=\"2000\" height=\"1500\"\/><\/div>\n<p>Emirates ha anunciado que aumentar\u00e1 sus servicios a Maldivas y Seychelles, populares destinos vacacionales, de cara a Semana Santa. A partir del 28 de marzo, la aerol\u00ednea ofrecer\u00e1 a sus clientes 28 vuelos semanales a Mal\u00e9 y siete vuelos semanales a Mahe. Los servicios a\u00f1adidos responden a la demanda del mercado y ofrecer\u00e1n a los clientes una mayor flexibilidad, posibilidad de elecci\u00f3n y conectividad a la hora de planificar sus viajes para estas vacaciones de Pascua.<\/p>\n<p><strong> Fly higher con Emirates a Maldivas<\/strong><\/p>\n<p>Actualmente, Emirates ofrece a sus clientes 24 vuelos semanales a las Maldivas, operados con un Boeing 777-300ER. A partir del 28 de marzo y hasta el 18 de abril, la aerol\u00ednea aumentar\u00e1 sus servicios a 28 vuelos semanales, brindando a los clientes una mayor conectividad con el widespread destino del Oc\u00e9ano \u00cdndico, v\u00eda Dub\u00e1i.<\/p>\n<p>Los billetes pueden reservarse en emirates.com, en las oficinas de venta de Emirates o a trav\u00e9s de las agencias de viajes. Los viajeros podr\u00e1n disfrutar de resorts de primer nivel, playas v\u00edrgenes y explorar la impresionante vida marina en uno de los mejores destinos de buceo del mundo.<\/p>\n<p>Todos los pasajeros que viajen a las Maldivas, excepto los ciudadanos de este pa\u00eds, deben presentar un resultado negativo de la prueba de PCR, realizada en las 96 horas anteriores a la salida. Tambi\u00e9n se pide a los viajeros que rellenen el formulario de autodeclaraci\u00f3n de inmigraci\u00f3n y salud en l\u00ednea dentro de las 24 horas anteriores a la llegada.<\/p>\n<p><strong>Fly higher con Emirates a Seychelles<\/strong><\/p>\n<p>A partir del 28 de marzo y hasta el 30 de octubre de 2021, los vuelos de Emirates desde Dub\u00e1i a Mahe aumentar\u00e1n de cinco a siete veces por semana, operados con un Boeing 777-300ER. El anuncio se produce en un momento en el que la isla-naci\u00f3n est\u00e1 preparada para reabrir sus fronteras a los viajeros internacionales sin requisitos de vacunaci\u00f3n o cuarentena a partir del 25 de marzo.<\/p>\n<p>Todos los viajeros deber\u00e1n presentar una prueba de PCR negativa realizada 72 horas antes de la salida. <\/p>\n<p>Los visitantes de las Seychelles podr\u00e1n disfrutar de los exuberantes bosques tropicales, las pintorescas playas y la diversa vida marina de la isla. Los billetes pueden reservarse en emirates.com, en las oficinas de venta de Emirates o a trav\u00e9s de las agencias de viajes.<\/p>\n<p>Emirates ha reanudado con seguridad sus operaciones a m\u00e1s de 90 destinos de su crimson mundial. El moderno centro de operaciones de la aerol\u00ednea, Dub\u00e1i, sigue siendo uno de los destinos vacacionales y de escala m\u00e1s populares del mundo. Desde playas ba\u00f1adas por el sol hasta una variada oferta de ocio y hospitalidad de primera clase: Dub\u00e1i ofrece una multiplicidad de experiencias de clase mundial. Fue una de las primeras ciudades del mundo en obtener el sello Secure Travels del Consejo Mundial de Viajes y Turismo (WTTC), que avala las amplias y eficaces medidas de Dub\u00e1i para garantizar la salud y la seguridad de los hu\u00e9spedes.<\/p>\n<\/p><\/div>\n\n<p><em> &#8221; Fuentes www.hosteltur.com &#8221; <\/em><\/p>\n","protected":false},"excerpt":{"rendered":"<p>-LA AEROL\u00cdNEA HA INCREMENTADO LOS VUELOS A DESTINOS POPULARES EN EL OC\u00c9ANO \u00cdNDICO, SATISFACIENDO LA DEMANDA DEL MERCADO Y OFRECIENDO A LOS CLIENTES UNA MAYOR FLEXIBILIDAD Y ELECCI\u00d3N PARA LAS VACACIONES DE PASCUA Emirates ha anunciado que aumentar\u00e1 sus servicios a Maldivas y Seychelles, populares destinos vacacionales, de cara a Semana Santa. A partir del [&hellip;]<\/p>\n","protected":false},"author":4,"featured_media":94623,"comment_status":"open","ping_status":"closed","sticky":false,"template":"","format":"standard","meta":{"om_disable_all_campaigns":false,"jnews-multi-image_gallery":[],"jnews_single_post":[],"jnews_primary_category":[],"jnews_social_meta":[],"footnotes":""},"categories":[39],"tags":[1555],"class_list":["post-94622","post","type-post","status-publish","format-standard","has-post-thumbnail","hentry","category-viajes","tag-transportes"],"_links":{"self":[{"href":"https:\/\/dimensionturistica.com\/es\/wp-json\/wp\/v2\/posts\/94622","targetHints":{"allow":["GET"]}}],"collection":[{"href":"https:\/\/dimensionturistica.com\/es\/wp-json\/wp\/v2\/posts"}],"about":[{"href":"https:\/\/dimensionturistica.com\/es\/wp-json\/wp\/v2\/types\/post"}],"author":[{"embeddable":true,"href":"https:\/\/dimensionturistica.com\/es\/wp-json\/wp\/v2\/users\/4"}],"replies":[{"embeddable":true,"href":"https:\/\/dimensionturistica.com\/es\/wp-json\/wp\/v2\/comments?post=94622"}],"version-history":[{"count":0,"href":"https:\/\/dimensionturistica.com\/es\/wp-json\/wp\/v2\/posts\/94622\/revisions"}],"wp:featuredmedia":[{"embeddable":true,"href":"https:\/\/dimensionturistica.com\/es\/wp-json\/wp\/v2\/media\/94623"}],"wp:attachment":[{"href":"https:\/\/dimensionturistica.com\/es\/wp-json\/wp\/v2\/media?parent=94622"}],"wp:term":[{"taxonomy":"category","embeddable":true,"href":"https:\/\/dimensionturistica.com\/es\/wp-json\/wp\/v2\/categories?post=94622"},{"taxonomy":"post_tag","embeddable":true,"href":"https:\/\/dimensionturistica.com\/es\/wp-json\/wp\/v2\/tags?post=94622"}],"curies":[{"name":"wp","href":"https:\/\/api.w.org\/{rel}","templated":true}]}}