{"id":94608,"date":"2021-03-12T08:35:22","date_gmt":"2021-03-12T08:35:22","guid":{"rendered":"https:\/\/dimensionturistica.com\/es\/?p=94608"},"modified":"2021-03-12T08:35:22","modified_gmt":"2021-03-12T08:35:22","slug":"celestyal-cruises-reiniciara-sus-operaciones-a-finales-de-mayo","status":"publish","type":"post","link":"https:\/\/dimensionturistica.com\/es\/celestyal-cruises-reiniciara-sus-operaciones-a-finales-de-mayo\/","title":{"rendered":"Celestyal Cruises reiniciar\u00e1 sus operaciones a finales de mayo"},"content":{"rendered":"<p> <br \/>\n<\/p>\n<div>\n<p>Celestyal Cruises anunci\u00f3 la reanudaci\u00f3n de sus operaciones el 29 de mayo desde El Pireo, Atenas, con su itinerario de siete noches Egeo Id\u00edlico, seg\u00fan informa el sitio <a rel=\"nofollow noopener\" target=\"_blank\" href=\"https:\/\/portalcruceros.cl\/celestyal-cruises-reanudara-sus-viajes-el-29-de-mayo\/\">Portal Cruceros<\/a>.<\/p>\n<p>El inicio de la temporada estaba previsto anteriormente para finales de abril, pero la nueva hoja de ruta anunciada por el Ministerio de Turismo griego para abrir su pa\u00eds al turismo movi\u00f3 los planes.<\/p>\n<p>De acuerdo al sitio internet, la compa\u00f1\u00eda dijo sentirse \u201calentada por los continuos progresos que se est\u00e1n realizando en la contenci\u00f3n de la pandemia mundial de Covid-19, especialmente con el creciente y eficaz lanzamiento de vacunas en todo el mundo\u201d.<\/p>\n<p>Celestyal reanudar\u00e1 sus operaciones con el Celestyal Crystal y por dos puertos de embarque, El Pireo y Lavrion, y a medida que se reabran m\u00e1s pa\u00edses y aumente la demanda, la compa\u00f1\u00eda anunciar\u00e1 el despliegue de la flota restante en 2021.<\/p>\n<p>Los clientes con reservas en los viajes cancelados de finales de abril y de mayo, tendr\u00e1n la opci\u00f3n de recibir un cr\u00e9dito de crucero futuro reembolsable.<\/p>\n<\/div>\n<p><script>!function(f,b,e,v,n,t,s){if(f.fbq)return;n=f.fbq=function(){n.callMethod?n.callMethod.apply(n,arguments):n.queue.push(arguments)};if(!f._fbq)f._fbq=n;n.push=n;n.loaded=!0;n.version='2.0';n.queue=[];t=b.createElement(e);t.async=!0;t.src=v;s=b.getElementsByTagName(e)[0];s.parentNode.insertBefore(t,s)}(window,document,'script','https:\/\/connect.facebook.net\/en_US\/fbevents.js');fbq('init','1464046990282831',[],{\"agent\":\"pldrupal-8-8.8.6\"});fbq('track','PageView',[]);<\/script><script>!function(f,b,e,v,n,t,s){if(f.fbq)return;n=f.fbq=function(){n.callMethod?n.callMethod.apply(n,arguments):n.queue.push(arguments)};if(!f._fbq)f._fbq=n;n.push=n;n.loaded=!0;n.version='2.0';n.queue=[];t=b.createElement(e);t.async=!0;t.src=v;s=b.getElementsByTagName(e)[0];s.parentNode.insertBefore(t,s)}(window,document,'script','https:\/\/connect.facebook.net\/en_US\/fbevents.js');fbq('init','1464046990282831');fbq('track','PageView');<\/script><br \/>\n<br \/><\/p>\n<p><em> &#8221; Fuentes www.caribbeannewsdigital.com &#8221; <\/em><\/p>\n","protected":false},"excerpt":{"rendered":"<p>Celestyal Cruises anunci\u00f3 la reanudaci\u00f3n de sus operaciones el 29 de mayo desde El Pireo, Atenas, con su itinerario de siete noches Egeo Id\u00edlico, seg\u00fan informa el sitio Portal Cruceros. El inicio de la temporada estaba previsto anteriormente para finales de abril, pero la nueva hoja de ruta anunciada por el Ministerio de Turismo griego [&hellip;]<\/p>\n","protected":false},"author":4,"featured_media":0,"comment_status":"open","ping_status":"closed","sticky":false,"template":"","format":"standard","meta":{"om_disable_all_campaigns":false,"jnews-multi-image_gallery":[],"jnews_single_post":[],"jnews_primary_category":[],"jnews_social_meta":[],"footnotes":""},"categories":[41],"tags":[],"class_list":["post-94608","post","type-post","status-publish","format-standard","hentry","category-cruceros"],"_links":{"self":[{"href":"https:\/\/dimensionturistica.com\/es\/wp-json\/wp\/v2\/posts\/94608","targetHints":{"allow":["GET"]}}],"collection":[{"href":"https:\/\/dimensionturistica.com\/es\/wp-json\/wp\/v2\/posts"}],"about":[{"href":"https:\/\/dimensionturistica.com\/es\/wp-json\/wp\/v2\/types\/post"}],"author":[{"embeddable":true,"href":"https:\/\/dimensionturistica.com\/es\/wp-json\/wp\/v2\/users\/4"}],"replies":[{"embeddable":true,"href":"https:\/\/dimensionturistica.com\/es\/wp-json\/wp\/v2\/comments?post=94608"}],"version-history":[{"count":0,"href":"https:\/\/dimensionturistica.com\/es\/wp-json\/wp\/v2\/posts\/94608\/revisions"}],"wp:attachment":[{"href":"https:\/\/dimensionturistica.com\/es\/wp-json\/wp\/v2\/media?parent=94608"}],"wp:term":[{"taxonomy":"category","embeddable":true,"href":"https:\/\/dimensionturistica.com\/es\/wp-json\/wp\/v2\/categories?post=94608"},{"taxonomy":"post_tag","embeddable":true,"href":"https:\/\/dimensionturistica.com\/es\/wp-json\/wp\/v2\/tags?post=94608"}],"curies":[{"name":"wp","href":"https:\/\/api.w.org\/{rel}","templated":true}]}}