{"id":945567,"date":"2025-03-17T05:20:21","date_gmt":"2025-03-17T05:20:21","guid":{"rendered":"https:\/\/dimensionturistica.com\/es\/?p=945567"},"modified":"2025-03-17T05:20:21","modified_gmt":"2025-03-17T05:20:21","slug":"murcia-acoge-por-primera-vez-el-evento-de-ceav-con-40-participantes-expositores","status":"publish","type":"post","link":"https:\/\/dimensionturistica.com\/es\/murcia-acoge-por-primera-vez-el-evento-de-ceav-con-40-participantes-expositores\/","title":{"rendered":"Murcia acoge por primera vez el evento de CEAV con 40 participantes expositores."},"content":{"rendered":"<p><strong>Descubre la Nueva Plataforma de Turismo en Murcia: Encuentro Innovador para Agentes de Viaje<\/strong><\/p>\n<p>Murcia, una joya del sureste espa\u00f1ol, se prepara para convertirse en el epicentro del turismo nacional con la celebraci\u00f3n del primer encuentro de la Confederaci\u00f3n Espa\u00f1ola de Agencias de Viaje (CEAV). Este evento, que reunir\u00e1 a 40 expositores, ser\u00e1 una oportunidad \u00fanica para agentes de viajes y profesionales del sector, que se dar\u00e1n cita en un marco incomparable para explorar nuevas oportunidades y tendencias en el turismo.<\/p>\n<p>La regi\u00f3n de Murcia, conocida por su rica cultura, su exuberante naturaleza y su variada oferta gastron\u00f3mica, se encuentra en una posici\u00f3n privilegiada para atraer tanto a visitantes nacionales como internacionales. El encuentro no solo resaltar\u00e1 la importancia de las agencias de viaje en la promoci\u00f3n de destinos tur\u00edsticos, sino que tambi\u00e9n servir\u00e1 como plataforma para que los expositores muestren sus productos y servicios, fomentando as\u00ed el intercambio de ideas y la creaci\u00f3n de sinergias colaborativas.<\/p>\n<p>Entre los asistentes se esperan representantes de las m\u00e1s diversas \u00e1reas del turismo, desde turoperadores hasta hoteles, pasando por destinos tur\u00edsticos, lo cual promete un intercambio enriquecedor de conocimientos y experiencias. En este foro de innovaci\u00f3n, los agentes de viajes podr\u00e1n mantener contacto directo con proveedores, explorar nuevas ofertas y actualizarse sobre las \u00faltimas tendencias del mercado. <\/p>\n<p>Murcia, con su patrimonio hist\u00f3rico y natural impresionante, as\u00ed como sus eventos culturales vibrantes, se presenta como un lugar ideal para este tipo de iniciativas. Desde el flamenco y la Semana Santa hasta sus fiestas populares, la regi\u00f3n tiene mucho que ofrecer a los turistas, y eventos como este subrayan la importancia de las agencias de viajes en la promoci\u00f3n de estas experiencias.<\/p>\n<p>La CEAV ha tomado un paso audaz al elegir a Murcia como sede de su encuentro, una decisi\u00f3n que no solo pone de relieve el potencial tur\u00edstico de la regi\u00f3n, sino que tambi\u00e9n pone en marcha un di\u00e1logo necesario sobre el futuro del sector. La pandemia ha cambiado la forma en que viajamos y c\u00f3mo nos conectamos con nuestros destinos, y es aqu\u00ed donde las agencias de viaje juegan un papel crucial, adapt\u00e1ndose a las nuevas demandas de los viajeros y ofreciendo soluciones creativas y personalizadas.<\/p>\n<p>As\u00ed que si eres un amante del turismo, un profesional del sector o simplemente un curioso por descubrir nuevos horizontes, este encuentro en Murcia marca un antes y un despu\u00e9s en la manera de entender y vivir el turismo. No pierdas la oportunidad de formar parte de este evento que promueve no solo el crecimiento del sector, sino tambi\u00e9n el disfrute de experiencias aut\u00e9nticas y memorables.<\/p>\n<p>Con un entorno vibrante y la promesa de un intercambio din\u00e1mico, el primer encuentro de la CEAV en Murcia es el lugar ideal para conectar, aprender y, sobre todo, inspirarse en el cada vez m\u00e1s apasionante mundo del turismo. \u00a1La aventura te espera en Murcia!<\/p>\n<p><em> &#8221; Sources www.nexotur.com &#8221; <\/em><\/p>\n<p><em> &#8221; Sources www.nexotur.com &#8221; <\/em><\/p>\n","protected":false},"excerpt":{"rendered":"<p>Descubre la Nueva Plataforma de Turismo en Murcia: Encuentro Innovador para Agentes de Viaje Murcia, una joya del sureste espa\u00f1ol, se prepara para convertirse en el epicentro del turismo nacional con la celebraci\u00f3n del primer encuentro de la Confederaci\u00f3n Espa\u00f1ola de Agencias de Viaje (CEAV). Este evento, que reunir\u00e1 a 40 expositores, ser\u00e1 una oportunidad [&hellip;]<\/p>\n","protected":false},"author":4,"featured_media":945568,"comment_status":"open","ping_status":"closed","sticky":false,"template":"","format":"standard","meta":{"om_disable_all_campaigns":false,"jnews-multi-image_gallery":[],"jnews_single_post":[],"jnews_primary_category":[],"jnews_social_meta":[],"footnotes":""},"categories":[40],"tags":[4452,10255,1230,3402,723,20264,952,10638,69661,4445],"class_list":["post-945567","post","type-post","status-publish","format-standard","has-post-thumbnail","hentry","category-industria","tag-4452","tag-acoge","tag-ceav","tag-encuentro","tag-evento","tag-expositores","tag-murcia","tag-primera","tag-primera-vez","tag-vez"],"_links":{"self":[{"href":"https:\/\/dimensionturistica.com\/es\/wp-json\/wp\/v2\/posts\/945567","targetHints":{"allow":["GET"]}}],"collection":[{"href":"https:\/\/dimensionturistica.com\/es\/wp-json\/wp\/v2\/posts"}],"about":[{"href":"https:\/\/dimensionturistica.com\/es\/wp-json\/wp\/v2\/types\/post"}],"author":[{"embeddable":true,"href":"https:\/\/dimensionturistica.com\/es\/wp-json\/wp\/v2\/users\/4"}],"replies":[{"embeddable":true,"href":"https:\/\/dimensionturistica.com\/es\/wp-json\/wp\/v2\/comments?post=945567"}],"version-history":[{"count":0,"href":"https:\/\/dimensionturistica.com\/es\/wp-json\/wp\/v2\/posts\/945567\/revisions"}],"wp:featuredmedia":[{"embeddable":true,"href":"https:\/\/dimensionturistica.com\/es\/wp-json\/wp\/v2\/media\/945568"}],"wp:attachment":[{"href":"https:\/\/dimensionturistica.com\/es\/wp-json\/wp\/v2\/media?parent=945567"}],"wp:term":[{"taxonomy":"category","embeddable":true,"href":"https:\/\/dimensionturistica.com\/es\/wp-json\/wp\/v2\/categories?post=945567"},{"taxonomy":"post_tag","embeddable":true,"href":"https:\/\/dimensionturistica.com\/es\/wp-json\/wp\/v2\/tags?post=945567"}],"curies":[{"name":"wp","href":"https:\/\/api.w.org\/{rel}","templated":true}]}}