{"id":945487,"date":"2025-03-16T21:44:21","date_gmt":"2025-03-16T21:44:21","guid":{"rendered":"https:\/\/dimensionturistica.com\/es\/?p=945487"},"modified":"2025-03-16T21:44:21","modified_gmt":"2025-03-16T21:44:21","slug":"las-fallas-se-enfrentan-a-una-disminucion-en-la-afluencia-de-visitantes","status":"publish","type":"post","link":"https:\/\/dimensionturistica.com\/es\/las-fallas-se-enfrentan-a-una-disminucion-en-la-afluencia-de-visitantes\/","title":{"rendered":"Las Fallas se enfrentan a una disminuci\u00f3n en la afluencia de visitantes."},"content":{"rendered":"<h3>La Fiesta de las Fallas: Tradici\u00f3n, Fuego y Retos Tur\u00edsticos<\/h3>\n<p>Las Fallas de Valencia son una de las festividades m\u00e1s emblem\u00e1ticas de Espa\u00f1a, un despliegue impresionante de arte, tradici\u00f3n y fuego que atrae a miles de turistas cada a\u00f1o. Sin embargo, en este 2023, la celebraci\u00f3n se ve marcada por un contexto inesperado: una ca\u00edda en la demanda tur\u00edstica. A pesar de ello, la ciudad se prepara para vivir intensamente este evento que entrelaza cultura, historia y un esp\u00edritu festivo inigualable.<\/p>\n<h4>Un Viaje a la Historia<\/h4>\n<p>Las Fallas, que se celebran del 15 al 19 de marzo, tienen sus ra\u00edces en la tradici\u00f3n de los carpinteros, quienes constru\u00edan grandes estructuras de madera para celebrar la llegada de la primavera. Estas impresionantes \u201cfallas\u201d son verdaderas obras de arte, representando escenas cr\u00edticas socialmente y, a menudo, llenas de humor e iron\u00eda. En la noche del 19 de marzo, el cl\u00edmax de la festividad se alcanza con la &quot;Crem\u00e0&quot;, donde las fallas son consumidas por las llamas, un espect\u00e1culo que simboliza la purificaci\u00f3n.<\/p>\n<h4>Un Impacto en el Turismo<\/h4>\n<p>Tradicionalmente, las Fallas atraen a visitantes de todo el mundo, esos d\u00edas de festividad hacen que Valencia rebose de vida y color. Sin embargo, el 2023 ha visto un cambio notable en la afluencia de turistas. Diversos factores, desde la incertidumbre econ\u00f3mica hasta cambios en las prioridades de los viajeros, han contribuido a la disminuci\u00f3n del turismo en este periodo festivo. Los hoteles y restaurantes, que suelen estar a rebosar, afrontan ahora retos que ponen a prueba la resiliencia del sector tur\u00edstico local.<\/p>\n<h4>La Ciudad se Reinventa<\/h4>\n<p>A pesar de la baja demanda, la ciudad de Valencia no se deja amilanar. Las autoridades locales y el sector privado est\u00e1n trabajando codo a codo para revitalizar el inter\u00e9s entre los potenciales visitantes. La promoci\u00f3n de eventos paralelos, que incluyen exposiciones de arte, conciertos y degustaciones gastron\u00f3micas, son solo algunas de las iniciativas lanzadas para atraer a aquellos que a\u00fan dudan en visitar la ciudad.<\/p>\n<p>Adem\u00e1s, los hoteles ofrecen tarifas competitivas y promociones especiales para as\u00ed incentivar el turismo en un momento crucial. Esta situaci\u00f3n representa una oportunidad para descubrir la aut\u00e9ntica Valencia, un lugar donde el encanto de sus calles y la calidez de su gente pueden disfrutarse sin las multitudes habituales.<\/p>\n<h4>Un Llamado al Viaje<\/h4>\n<p>Para aquellos que est\u00e9n considerando un escape, Valencia se presenta como una opci\u00f3n original y menos saturada. Pasar por sus estrechas calles, disfrutar de una deliciosa paella y ser testigos de la pirotecnia y la m\u00fasica de las Fallas son experiencias que no se deben dejar pasar. A pesar de la menor demanda, los que decidan hacer el viaje encontrar\u00e1n una ciudad vibrante, llena de vida y con un ambiente que, aunque diferente, sigue siendo festivo y acogedor.<\/p>\n<h4>Conclusi\u00f3n<\/h4>\n<p>Las Fallas son m\u00e1s que una celebraci\u00f3n; son un s\u00edmbolo del esp\u00edritu valenciano. A pesar de los desaf\u00edos que enfrenta el turismo este a\u00f1o, la esencia de la festividad sigue intacta. Valencia sigue invitando a todos a conocer su magia, sumergirse en su cultura y dejarse llevar por la pasi\u00f3n de su gente. Si hay un momento para descubrir la aut\u00e9ntica belleza de Valencia, es ahora. \u00a1No te lo pierdas!<\/p>\n<p><em> &#8221; Sources www.preferente.com &#8221; <\/em><\/p>\n<p><em> &#8221; Sources www.preferente.com &#8221; <\/em><\/p>\n","protected":false},"excerpt":{"rendered":"<p>La Fiesta de las Fallas: Tradici\u00f3n, Fuego y Retos Tur\u00edsticos Las Fallas de Valencia son una de las festividades m\u00e1s emblem\u00e1ticas de Espa\u00f1a, un despliegue impresionante de arte, tradici\u00f3n y fuego que atrae a miles de turistas cada a\u00f1o. Sin embargo, en este 2023, la celebraci\u00f3n se ve marcada por un contexto inesperado: una ca\u00edda [&hellip;]<\/p>\n","protected":false},"author":4,"featured_media":945488,"comment_status":"open","ping_status":"closed","sticky":false,"template":"","format":"standard","meta":{"om_disable_all_campaigns":false,"jnews-multi-image_gallery":[],"jnews_single_post":[],"jnews_primary_category":[],"jnews_social_meta":[],"footnotes":""},"categories":[40],"tags":[214347,662,3264,770,724,6105,214346,544],"class_list":["post-945487","post","type-post","status-publish","format-standard","has-post-thumbnail","hentry","category-industria","tag-caida-de-demanda","tag-cultura","tag-demanda","tag-espana","tag-eventos","tag-festividades","tag-las-fallas","tag-turismo"],"_links":{"self":[{"href":"https:\/\/dimensionturistica.com\/es\/wp-json\/wp\/v2\/posts\/945487","targetHints":{"allow":["GET"]}}],"collection":[{"href":"https:\/\/dimensionturistica.com\/es\/wp-json\/wp\/v2\/posts"}],"about":[{"href":"https:\/\/dimensionturistica.com\/es\/wp-json\/wp\/v2\/types\/post"}],"author":[{"embeddable":true,"href":"https:\/\/dimensionturistica.com\/es\/wp-json\/wp\/v2\/users\/4"}],"replies":[{"embeddable":true,"href":"https:\/\/dimensionturistica.com\/es\/wp-json\/wp\/v2\/comments?post=945487"}],"version-history":[{"count":0,"href":"https:\/\/dimensionturistica.com\/es\/wp-json\/wp\/v2\/posts\/945487\/revisions"}],"wp:featuredmedia":[{"embeddable":true,"href":"https:\/\/dimensionturistica.com\/es\/wp-json\/wp\/v2\/media\/945488"}],"wp:attachment":[{"href":"https:\/\/dimensionturistica.com\/es\/wp-json\/wp\/v2\/media?parent=945487"}],"wp:term":[{"taxonomy":"category","embeddable":true,"href":"https:\/\/dimensionturistica.com\/es\/wp-json\/wp\/v2\/categories?post=945487"},{"taxonomy":"post_tag","embeddable":true,"href":"https:\/\/dimensionturistica.com\/es\/wp-json\/wp\/v2\/tags?post=945487"}],"curies":[{"name":"wp","href":"https:\/\/api.w.org\/{rel}","templated":true}]}}