{"id":94541,"date":"2021-03-12T03:00:39","date_gmt":"2021-03-12T03:00:39","guid":{"rendered":"https:\/\/dimensionturistica.com\/es\/?p=94541"},"modified":"2021-03-12T03:00:39","modified_gmt":"2021-03-12T03:00:39","slug":"licitan-semaforos-para-la-calle-cuauhtemoc-de-guasave","status":"publish","type":"post","link":"https:\/\/dimensionturistica.com\/es\/licitan-semaforos-para-la-calle-cuauhtemoc-de-guasave\/","title":{"rendered":"Licitan sem\u00e1foros para la calle Cuauht\u00e9moc de Guasave"},"content":{"rendered":"<p> <br \/>\n<\/p>\n<div mlnid=\"idcon=363225;order=6.0\">\n<p>GUASAVE._ La Secretar\u00eda de Administraci\u00f3n y Finanzas del Gobierno del Estado lanz\u00f3 la convocatoria para el suministro, instalaci\u00f3n y puesta en operaci\u00f3n de sem\u00e1foros en ocho cruceros de la calle Cuauht\u00e9moc de Guasave, la cual con la inauguraci\u00f3n del nuevo puente del r\u00edo Sinaloa fue reconvertida a doble circulaci\u00f3n.<\/p>\n<p>La convocatoria relativa a la licitaci\u00f3n p\u00fablica nacional con el folio GES 07\/2021 fue publicada el 8 de marzo, la junta de aclaraciones ser\u00e1 este viernes, a las 10:00 horas, en la Sala de Juntas de la Direcci\u00f3n de Bienes y Suministros de la Subsecretar\u00eda de Administraci\u00f3n, mediante reuni\u00f3n no presencial.<\/p>\n<p>El acto de presentaci\u00f3n y apertura de proposiciones se llevar\u00e1 a cabo a las 10:00 horas del 19 de marzo de 2021. Ah\u00ed mismo se definir\u00e1 el lugar, fecha y hora para dar a conocer el fallo.<\/p>\n<p>De acuerdo con los anexos de la convocatoria, en los ocho cruceros se instalar\u00e1n 18 sem\u00e1foros de cuatro luces con flecha siga; 22 sem\u00e1foros de tres luces, un sem\u00e1foro de tres luces con flecha siga, 11 sem\u00e1foros de cuatro luces, y 24 sem\u00e1foros peatonales con cuenta regresiva, adem\u00e1s de las estructuras, postes, acometidas, cableado el\u00e9ctrico, controles, anclas y todos los insumos necesarios para la instalaci\u00f3n.<\/p>\n<p>Mauricio L\u00f3pez Parra, director basic de Obras y Servicios P\u00fablicos del Ayuntamiento de Guasave, indic\u00f3 que seguramente el Municipio participar\u00e1 con algunas obras civiles necesaria para la instalaci\u00f3n de estos dispositivos viales.<\/p>\n<p>\u201cEs poner sem\u00e1foros donde no hay y complementar por la doble circulaci\u00f3n en el resto, pero va contemplada la semaforizaci\u00f3n desde el bulevar Central hasta el puente\u201d, manifest\u00f3.<\/p>\n<p>El funcionario municipal expuso que ya la mayor\u00eda de los conductores se han adaptado a los cambios en esta vialidad, pero una vez que est\u00e9n instalados los sem\u00e1foros se le dar\u00e1 mayor orden, fluidez y seguridad a la circulaci\u00f3n.<\/p>\n<p>Mientras se equipa con los dispositivos los cruceros de esta vialidad, Tr\u00e1nsito Municipal seguir\u00e1 apoyando con elementos para coordinar la circulaci\u00f3n y evitar en la medida de lo posible que ocurran accidentes, expres\u00f3.<\/p>\n<\/p><\/div>\n\n<p><em> &#8221; Fuentes www.noroeste.com.mx &#8221; <\/em><\/p>\n","protected":false},"excerpt":{"rendered":"<p>GUASAVE._ La Secretar\u00eda de Administraci\u00f3n y Finanzas del Gobierno del Estado lanz\u00f3 la convocatoria para el suministro, instalaci\u00f3n y puesta en operaci\u00f3n de sem\u00e1foros en ocho cruceros de la calle Cuauht\u00e9moc de Guasave, la cual con la inauguraci\u00f3n del nuevo puente del r\u00edo Sinaloa fue reconvertida a doble circulaci\u00f3n. La convocatoria relativa a la licitaci\u00f3n [&hellip;]<\/p>\n","protected":false},"author":4,"featured_media":0,"comment_status":"open","ping_status":"closed","sticky":false,"template":"","format":"standard","meta":{"om_disable_all_campaigns":false,"jnews-multi-image_gallery":[],"jnews_single_post":[],"jnews_primary_category":[],"jnews_social_meta":[],"footnotes":""},"categories":[41],"tags":[19619],"class_list":["post-94541","post","type-post","status-publish","format-standard","hentry","category-cruceros","tag-reyes-ivan-camacho"],"_links":{"self":[{"href":"https:\/\/dimensionturistica.com\/es\/wp-json\/wp\/v2\/posts\/94541","targetHints":{"allow":["GET"]}}],"collection":[{"href":"https:\/\/dimensionturistica.com\/es\/wp-json\/wp\/v2\/posts"}],"about":[{"href":"https:\/\/dimensionturistica.com\/es\/wp-json\/wp\/v2\/types\/post"}],"author":[{"embeddable":true,"href":"https:\/\/dimensionturistica.com\/es\/wp-json\/wp\/v2\/users\/4"}],"replies":[{"embeddable":true,"href":"https:\/\/dimensionturistica.com\/es\/wp-json\/wp\/v2\/comments?post=94541"}],"version-history":[{"count":0,"href":"https:\/\/dimensionturistica.com\/es\/wp-json\/wp\/v2\/posts\/94541\/revisions"}],"wp:attachment":[{"href":"https:\/\/dimensionturistica.com\/es\/wp-json\/wp\/v2\/media?parent=94541"}],"wp:term":[{"taxonomy":"category","embeddable":true,"href":"https:\/\/dimensionturistica.com\/es\/wp-json\/wp\/v2\/categories?post=94541"},{"taxonomy":"post_tag","embeddable":true,"href":"https:\/\/dimensionturistica.com\/es\/wp-json\/wp\/v2\/tags?post=94541"}],"curies":[{"name":"wp","href":"https:\/\/api.w.org\/{rel}","templated":true}]}}