{"id":945262,"date":"2025-03-16T07:12:30","date_gmt":"2025-03-16T07:12:30","guid":{"rendered":"https:\/\/dimensionturistica.com\/es\/?p=945262"},"modified":"2025-03-16T07:12:30","modified_gmt":"2025-03-16T07:12:30","slug":"fetave-elige-nuevamente-a-cesar-gutierrez-calvo-como-lider-de-la-federacion","status":"publish","type":"post","link":"https:\/\/dimensionturistica.com\/es\/fetave-elige-nuevamente-a-cesar-gutierrez-calvo-como-lider-de-la-federacion\/","title":{"rendered":"FETAVE elige nuevamente a C\u00e9sar Guti\u00e9rrez Calvo como l\u00edder de la federaci\u00f3n."},"content":{"rendered":"<h3>Nueva Era en el Turismo: C\u00e9sar Guti\u00e9rrez Calvo a la Cabeza de FETAVE<\/h3>\n<p>El sector tur\u00edstico se encuentra en una encrucijada, redefiniendo su rumbo tras los efectos provocados por la pandemia. En este contexto, la elecci\u00f3n de l\u00edderes s\u00f3lidos y con visi\u00f3n es fundamental. La reciente reelecci\u00f3n de C\u00e9sar Guti\u00e9rrez Calvo como presidente de la Federaci\u00f3n Espa\u00f1ola de Asociaciones de Agencias de Viajes (FETAVE) es un claro reflejo de la confianza de los profesionales del turismo en su capacidad para guiar la organizaci\u00f3n en tiempos de cambio.<\/p>\n<p>C\u00e9sar Guti\u00e9rrez, con una dilatada trayectoria en el \u00e1mbito tur\u00edstico, ha demostrado ser un pilar fundamental en la defensa de los intereses de las agencias de viajes en Espa\u00f1a. Su reelecci\u00f3n no solo representa la continuidad de un modelo de gesti\u00f3n, sino tambi\u00e9n la promesa de nuevas iniciativas y estrategias que buscar\u00e1n revitalizar el turismo en un entorno cada vez m\u00e1s competitivo y digital.<\/p>\n<p>En su discurso tras la reelecci\u00f3n, Guti\u00e9rrez enfatiz\u00f3 la necesidad de adaptar el modelo de negocio de las agencias a las nuevas demandas del consumidor, quienes cada vez m\u00e1s buscan experiencias personalizadas y un enfoque digital en sus viajes. Desde soluciones innovadoras hasta un mayor \u00e9nfasis en la sostenibilidad, su visi\u00f3n se centra en posicionar a FETAVE como un referente en la transformaci\u00f3n del sector.<\/p>\n<p>Uno de los retos m\u00e1s apremiantes que enfrenta Guti\u00e9rrez es la reinvenci\u00f3n de la relaci\u00f3n entre las agencias de viajes y los proveedores de servicios tur\u00edsticos. Fomentar una colaboraci\u00f3n m\u00e1s estrecha y efectiva ser\u00e1 fundamental para crear paquetes m\u00e1s atractivos y accesibles que respondan a las exigencias de un p\u00fablico cada vez m\u00e1s informado y exigente.<\/p>\n<p>La nueva fase bajo su liderazgo tambi\u00e9n se anticipa como un momento propicio para abordar temas candentes como la digitalizaci\u00f3n, la sostenibilidad y la promoci\u00f3n de destinos menos masificados. Estos aspectos no solo son clave para atraer a nuevos turistas, sino tambi\u00e9n para garantizar un turismo responsable que beneficie a comunidades locales y conserve el patrimonio cultural y natural.<\/p>\n<p>La reelecci\u00f3n de C\u00e9sar Guti\u00e9rrez Calvo no es solo un voto de confianza en su figura, sino un compromiso por parte de la industria tur\u00edstica de avanzar hacia un futuro m\u00e1s s\u00f3lido y resiliente. Con una hoja de ruta que prioriza la innovaci\u00f3n y la cooperaci\u00f3n, el sector tur\u00edstico espa\u00f1ol podr\u00eda estar en el umbral de una nueva era, donde cada viaje se convierta en una experiencia singular y enriquecedora, tanto para los viajeros como para las comunidades que los reciben.<\/p>\n<p>En conclusi\u00f3n, la trayectoria y liderazgo de Guti\u00e9rrez son esenciales para afrontar el nuevo panorama que se dibuja en el turismo. La comunidad de agencias de viajes mira hacia adelante, esperando que bajo su direcci\u00f3n, FETAVE contin\u00fae siendo un faro en la transformaci\u00f3n de este sector clave para la econom\u00eda espa\u00f1ola. La adaptaci\u00f3n y la innovaci\u00f3n ser\u00e1n los pilares que sostendr\u00e1n esta nueva etapa, donde el turismo no solo ser\u00e1 un motor econ\u00f3mico, sino tambi\u00e9n un veh\u00edculo de conexi\u00f3n y enriquecimiento cultural.<\/p>\n<p><em> &#8221; Sources gacetadelturismo.com &#8221; <\/em><\/p>\n<p><em> &#8221; Fuentes gacetadelturismo.com &#8221; <\/em><\/p>\n","protected":false},"excerpt":{"rendered":"<p>Nueva Era en el Turismo: C\u00e9sar Guti\u00e9rrez Calvo a la Cabeza de FETAVE El sector tur\u00edstico se encuentra en una encrucijada, redefiniendo su rumbo tras los efectos provocados por la pandemia. En este contexto, la elecci\u00f3n de l\u00edderes s\u00f3lidos y con visi\u00f3n es fundamental. La reciente reelecci\u00f3n de C\u00e9sar Guti\u00e9rrez Calvo como presidente de la [&hellip;]<\/p>\n","protected":false},"author":4,"featured_media":945263,"comment_status":"open","ping_status":"closed","sticky":false,"template":"","format":"standard","meta":{"om_disable_all_campaigns":false,"jnews-multi-image_gallery":[],"jnews_single_post":[],"jnews_primary_category":[],"jnews_social_meta":[],"footnotes":""},"categories":[39],"tags":[214296,26079,1898,2234,146988],"class_list":["post-945262","post","type-post","status-publish","format-standard","has-post-thumbnail","hentry","category-viajes","tag-cesar-gutierrez-calvo","tag-federacion","tag-fetave","tag-presidente","tag-reeleccion"],"_links":{"self":[{"href":"https:\/\/dimensionturistica.com\/es\/wp-json\/wp\/v2\/posts\/945262","targetHints":{"allow":["GET"]}}],"collection":[{"href":"https:\/\/dimensionturistica.com\/es\/wp-json\/wp\/v2\/posts"}],"about":[{"href":"https:\/\/dimensionturistica.com\/es\/wp-json\/wp\/v2\/types\/post"}],"author":[{"embeddable":true,"href":"https:\/\/dimensionturistica.com\/es\/wp-json\/wp\/v2\/users\/4"}],"replies":[{"embeddable":true,"href":"https:\/\/dimensionturistica.com\/es\/wp-json\/wp\/v2\/comments?post=945262"}],"version-history":[{"count":0,"href":"https:\/\/dimensionturistica.com\/es\/wp-json\/wp\/v2\/posts\/945262\/revisions"}],"wp:featuredmedia":[{"embeddable":true,"href":"https:\/\/dimensionturistica.com\/es\/wp-json\/wp\/v2\/media\/945263"}],"wp:attachment":[{"href":"https:\/\/dimensionturistica.com\/es\/wp-json\/wp\/v2\/media?parent=945262"}],"wp:term":[{"taxonomy":"category","embeddable":true,"href":"https:\/\/dimensionturistica.com\/es\/wp-json\/wp\/v2\/categories?post=945262"},{"taxonomy":"post_tag","embeddable":true,"href":"https:\/\/dimensionturistica.com\/es\/wp-json\/wp\/v2\/tags?post=945262"}],"curies":[{"name":"wp","href":"https:\/\/api.w.org\/{rel}","templated":true}]}}