{"id":94481,"date":"2021-03-11T22:49:22","date_gmt":"2021-03-11T22:49:22","guid":{"rendered":"https:\/\/dimensionturistica.com\/es\/?p=94481"},"modified":"2021-03-11T22:49:22","modified_gmt":"2021-03-11T22:49:22","slug":"ponant-designa-a-herve-gastinel-como-su-nuevo-ceo","status":"publish","type":"post","link":"https:\/\/dimensionturistica.com\/es\/ponant-designa-a-herve-gastinel-como-su-nuevo-ceo\/","title":{"rendered":"Ponant designa a Herv\u00e9 Gastinel como su nuevo CEO"},"content":{"rendered":"<p> <br \/>\n<\/p>\n<div>\n<p style=\"text-align: justify;\"><strong>Por Redacci\u00f3n PortalPortuario<\/strong><\/p>\n<p style=\"text-align: justify;\"><strong>@PortalPortuario<\/strong><\/p>\n<hr\/>\n<p style=\"text-align: justify;\"><strong><img decoding=\"async\" loading=\"lazy\" class=\"size-medium wp-image-178942 alignright\" src=\"https:\/\/dimensionturistica.com\/es\/wp-content\/uploads\/2021\/03\/Ponant-designa-a-Herve-Gastinel-como-su-nuevo-CEO.jpg\" alt=\"\" width=\"280\" height=\"280\"  \/>Herv\u00e9 Gastinel<\/strong> es el nuevo CEO del operador de cruceros <strong>Ponant<\/strong>.\u00a0 El ejecutivo asumir\u00e1 el 29 de marzo y tendr\u00e1 como objetivo convertir a la empresa francesa en l\u00edder del mercado de los cruceros de lujo y ejemplo del turismo sostenible.<\/p>\n<p style=\"text-align: justify;\"><strong>Ponant<\/strong>, filial de <strong>Artemis<\/strong> desde 2015, en los \u00faltimos cinco a\u00f1os ha dado un importante paso adelante duplicando su flota. Ahora cuenta con 12 (pronto ser\u00e1n 13) buques, entre ellos Le Ponant y Le Commandant Charcot, el primer buque de exploraci\u00f3n polar h\u00edbrido-el\u00e9ctrico del mundo de fuel pure licuado (GNL), cuya entrega est\u00e1 prevista para dentro de unos meses.<\/p>\n<p style=\"text-align: justify;\"><strong>Fran\u00e7ois Pinault<\/strong>, fundador y gerente de <strong>Artemis<\/strong>, declar\u00f3 que \u201ctras un a\u00f1o dif\u00edcil, los pr\u00f3ximos meses ser\u00e1n decisivos para acelerar el desarrollo de Ponant\u201d.<\/p>\n<p style=\"text-align: justify;\"><strong>Gastinel<\/strong> trabaj\u00f3 en varios proyectos en la Inspecci\u00f3n Basic de Finanzas antes de convertirse en asesor t\u00e9cnico del presidente del Senado galo. Tom\u00f3 las riendas del grupo <strong>Beneteau<\/strong>, de embarcaciones de recreaci\u00f3n, entre 2015 y 2019, y sigue siendo asesor principal de la consultora EIM.<\/p>\n<hr\/><\/div>\n\n<p><em> &#8221; Fuentes portalportuario.cl &#8221; <\/em><\/p>\n","protected":false},"excerpt":{"rendered":"<p>Por Redacci\u00f3n PortalPortuario @PortalPortuario Herv\u00e9 Gastinel es el nuevo CEO del operador de cruceros Ponant.\u00a0 El ejecutivo asumir\u00e1 el 29 de marzo y tendr\u00e1 como objetivo convertir a la empresa francesa en l\u00edder del mercado de los cruceros de lujo y ejemplo del turismo sostenible. Ponant, filial de Artemis desde 2015, en los \u00faltimos cinco [&hellip;]<\/p>\n","protected":false},"author":4,"featured_media":0,"comment_status":"open","ping_status":"closed","sticky":false,"template":"","format":"standard","meta":{"om_disable_all_campaigns":false,"jnews-multi-image_gallery":[],"jnews_single_post":[],"jnews_primary_category":[],"jnews_social_meta":[],"footnotes":""},"categories":[41],"tags":[],"class_list":["post-94481","post","type-post","status-publish","format-standard","hentry","category-cruceros"],"_links":{"self":[{"href":"https:\/\/dimensionturistica.com\/es\/wp-json\/wp\/v2\/posts\/94481","targetHints":{"allow":["GET"]}}],"collection":[{"href":"https:\/\/dimensionturistica.com\/es\/wp-json\/wp\/v2\/posts"}],"about":[{"href":"https:\/\/dimensionturistica.com\/es\/wp-json\/wp\/v2\/types\/post"}],"author":[{"embeddable":true,"href":"https:\/\/dimensionturistica.com\/es\/wp-json\/wp\/v2\/users\/4"}],"replies":[{"embeddable":true,"href":"https:\/\/dimensionturistica.com\/es\/wp-json\/wp\/v2\/comments?post=94481"}],"version-history":[{"count":0,"href":"https:\/\/dimensionturistica.com\/es\/wp-json\/wp\/v2\/posts\/94481\/revisions"}],"wp:attachment":[{"href":"https:\/\/dimensionturistica.com\/es\/wp-json\/wp\/v2\/media?parent=94481"}],"wp:term":[{"taxonomy":"category","embeddable":true,"href":"https:\/\/dimensionturistica.com\/es\/wp-json\/wp\/v2\/categories?post=94481"},{"taxonomy":"post_tag","embeddable":true,"href":"https:\/\/dimensionturistica.com\/es\/wp-json\/wp\/v2\/tags?post=94481"}],"curies":[{"name":"wp","href":"https:\/\/api.w.org\/{rel}","templated":true}]}}