{"id":944712,"date":"2025-03-14T18:04:38","date_gmt":"2025-03-14T18:04:38","guid":{"rendered":"https:\/\/dimensionturistica.com\/es\/?p=944712"},"modified":"2025-03-14T18:04:38","modified_gmt":"2025-03-14T18:04:38","slug":"cordoba-sera-el-anfitrion-de-una-reunion-selecta-de-destinos-del-caribe","status":"publish","type":"post","link":"https:\/\/dimensionturistica.com\/es\/cordoba-sera-el-anfitrion-de-una-reunion-selecta-de-destinos-del-caribe\/","title":{"rendered":"C\u00f3rdoba ser\u00e1 el anfitri\u00f3n de una reuni\u00f3n selecta de destinos del Caribe"},"content":{"rendered":"<p><strong>C\u00f3rdoba: El Epicentro del Caribe en El Coraz\u00f3n de Argentina<\/strong><\/p>\n<p>C\u00f3rdoba, esa fascinante provincia argentina conocida por su rica historia, arquitectura colonial y paisajes monta\u00f1osos, est\u00e1 a punto de convertirse en el escenario de un evento sin precedentes que reunir\u00e1 las joyas del Caribe. Desde el 29 de noviembre hasta el 1 de diciembre, la ciudad se vestir\u00e1 de gala para acoger a representantes de destinos emblem\u00e1ticos del Caribe, en un encuentro exclusivo que promete elevar la conexi\u00f3n entre estas dos regiones.<\/p>\n<p>La cita se llevar\u00e1 a cabo en el lujoso hotel Quorum, que se transformar\u00e1 en un punto de encuentro donde se discutir\u00e1n oportunidades de negocio, el desarrollo del turismo y el intercambio cultural entre el Caribe y Argentina. Este evento no solo busca potenciar a C\u00f3rdoba como un destino tur\u00edstico en s\u00ed mismo, sino tambi\u00e9n como un puente entre los encantos caribe\u00f1os y el atractivo del interior argentino.<\/p>\n<p>Durante estos d\u00edas, los participantes disfrutar\u00e1n de una agenda repleta de charlas, talleres y oportunidades de networking dise\u00f1adas para fortalecer la oferta tur\u00edstica, potenciar paquetes atractivos y crear v\u00ednculos que proporcionen un flujo tur\u00edstico bilaterial. La riqueza cultural del Caribe se entrelazar\u00e1 con la diversidad cordobesa, generando un crisol de experiencias que invitar\u00e1n tanto a visitantes locales como internacionales a explorar nuevas rutas.<\/p>\n<p>C\u00f3rdoba, con su apacible estilo de vida, paisajes serenos y una vibrante vida cultural, se presenta como una alternativa perfecta para quienes buscan algo m\u00e1s que sol y playa. Sus serran\u00edas, sus r\u00edos cristalinos y su oferta gastron\u00f3mica local aseguran que cada visitante viva una experiencia \u00fanica. Pero ahora, con la participaci\u00f3n de destinos caribe\u00f1os, los viajeros podr\u00e1n ver c\u00f3mo las palmeras, las playas y la m\u00fasica vibrante de lugares como Jamaica, Trinidad y Tobago, o las Bahamas, encuentran un eco en la calidez y hospitalidad de los cordobeses.<\/p>\n<p>Este encuentro pone de manifiesto la importancia de la colaboraci\u00f3n internacional en el sector tur\u00edstico. En un mundo donde la conectividad y el intercambio cultural son vitales, el evento en C\u00f3rdoba se erige como un faro que ilumina el camino hacia nuevas alianzas comerciales y un turismo m\u00e1s integrado y diversificado. La colaboraci\u00f3n entre ambas regiones abre la puerta a la creaci\u00f3n de experiencias \u00fanicas, donde la historia y la tradici\u00f3n de C\u00f3rdoba se unen a la alegr\u00eda y la diversidad de los destinos caribe\u00f1os.<\/p>\n<p>Los asistentes al evento tendr\u00e1n la oportunidad de degustar la gastronom\u00eda cordobesa, famosa por su asado, empanadas y dulces aut\u00f3ctonos, al mismo tiempo que disfrutar\u00e1n de ritmos caribe\u00f1os que invitar\u00e1n al baile. Esta simbiosis cultural promete dejar una huella imborrable en todos los participantes, cimentando la idea de que el turismo es, ante todo, un espacio de encuentro y aprendizaje.<\/p>\n<p>Con la llegada de este evento, C\u00f3rdoba se posiciona no solo como un destino tur\u00edstico, sino como un hub estrat\u00e9gico para el intercambio de ideas y el desarrollo sostenible del ocio y la recreaci\u00f3n en la regi\u00f3n. As\u00ed, la tierra de los sierras se convierte en un punto de encuentro donde el esp\u00edritu del Caribe resonar\u00e1 con fuerza, promoviendo una cultura de colaboraci\u00f3n y amistad que trasciende fronteras. <\/p>\n<p>Al final, el encuentro en C\u00f3rdoba ser\u00e1 m\u00e1s que un evento; ser\u00e1 el inicio de una nueva era para el turismo en ambas regiones, donde la diversidad y el patrimonio cultural se celebran y se integran en la experiencia de viaje. Sin duda, una cita imperdible para los amantes del turismo y la aventura.<\/p>\n<p><em> &#8221; Sources comercioyjusticia.info &#8221; <\/em><\/p>\n<p><em> &#8221; Sources comercioyjusticia.info &#8221; <\/em><\/p>\n","protected":false},"excerpt":{"rendered":"<p>C\u00f3rdoba: El Epicentro del Caribe en El Coraz\u00f3n de Argentina C\u00f3rdoba, esa fascinante provincia argentina conocida por su rica historia, arquitectura colonial y paisajes monta\u00f1osos, est\u00e1 a punto de convertirse en el escenario de un evento sin precedentes que reunir\u00e1 las joyas del Caribe. Desde el 29 de noviembre hasta el 1 de diciembre, la [&hellip;]<\/p>\n","protected":false},"author":4,"featured_media":944713,"comment_status":"open","ping_status":"closed","sticky":false,"template":"","format":"standard","meta":{"om_disable_all_campaigns":false,"jnews-multi-image_gallery":[],"jnews_single_post":[],"jnews_primary_category":[],"jnews_social_meta":[],"footnotes":""},"categories":[40],"tags":[1736,585,558,1228,3402,2103,2163],"class_list":["post-944712","post","type-post","status-publish","format-standard","has-post-thumbnail","hentry","category-industria","tag-caribe","tag-comercio","tag-cordoba","tag-destinos","tag-encuentro","tag-exclusivo","tag-justicia"],"_links":{"self":[{"href":"https:\/\/dimensionturistica.com\/es\/wp-json\/wp\/v2\/posts\/944712","targetHints":{"allow":["GET"]}}],"collection":[{"href":"https:\/\/dimensionturistica.com\/es\/wp-json\/wp\/v2\/posts"}],"about":[{"href":"https:\/\/dimensionturistica.com\/es\/wp-json\/wp\/v2\/types\/post"}],"author":[{"embeddable":true,"href":"https:\/\/dimensionturistica.com\/es\/wp-json\/wp\/v2\/users\/4"}],"replies":[{"embeddable":true,"href":"https:\/\/dimensionturistica.com\/es\/wp-json\/wp\/v2\/comments?post=944712"}],"version-history":[{"count":0,"href":"https:\/\/dimensionturistica.com\/es\/wp-json\/wp\/v2\/posts\/944712\/revisions"}],"wp:featuredmedia":[{"embeddable":true,"href":"https:\/\/dimensionturistica.com\/es\/wp-json\/wp\/v2\/media\/944713"}],"wp:attachment":[{"href":"https:\/\/dimensionturistica.com\/es\/wp-json\/wp\/v2\/media?parent=944712"}],"wp:term":[{"taxonomy":"category","embeddable":true,"href":"https:\/\/dimensionturistica.com\/es\/wp-json\/wp\/v2\/categories?post=944712"},{"taxonomy":"post_tag","embeddable":true,"href":"https:\/\/dimensionturistica.com\/es\/wp-json\/wp\/v2\/tags?post=944712"}],"curies":[{"name":"wp","href":"https:\/\/api.w.org\/{rel}","templated":true}]}}