{"id":94443,"date":"2021-03-11T21:43:56","date_gmt":"2021-03-11T21:43:56","guid":{"rendered":"https:\/\/dimensionturistica.com\/es\/?p=94443"},"modified":"2021-03-11T21:43:56","modified_gmt":"2021-03-11T21:43:56","slug":"vard-entrega-nuevo-crucero-a-la-compania-coral-expeditions","status":"publish","type":"post","link":"https:\/\/dimensionturistica.com\/es\/vard-entrega-nuevo-crucero-a-la-compania-coral-expeditions\/","title":{"rendered":"Vard entrega nuevo crucero a la compa\u00f1\u00eda Coral Expeditions"},"content":{"rendered":"<p> <br \/>\n<\/p>\n<div>\n<p style=\"text-align: justify;\"><strong>Por Redacci\u00f3n PortalPortuario.cl<\/strong><\/p>\n<p style=\"text-align: justify;\"><strong>@PortalPortuario<\/strong><\/p>\n<hr\/>\n<p><img decoding=\"async\" loading=\"lazy\" class=\"size-medium wp-image-178932 alignright\" src=\"https:\/\/dimensionturistica.com\/es\/wp-content\/uploads\/2021\/03\/Vard-entrega-nuevo-crucero-a-la-compania-Coral-Expeditions.jpg\" alt=\"\" width=\"330\" height=\"220\"  \/><\/p>\n<p style=\"text-align: justify;\"><strong>Coral Expeditions\u00a0<\/strong>recibi\u00f3 su segundo crucero de expedici\u00f3n de manos del astillero Vard. La nave forma parte de un plan de expansi\u00f3n de su flota.<\/p>\n<p style=\"text-align: justify;\">El buque, dise\u00f1o Vard 6 01, se suma al Coral Adventurer que fue entregado en 2019.<strong><br \/><\/strong><\/p>\n<p style=\"text-align: justify;\">El nuevo Coral Geographer est\u00e1 listo para embarcarse despu\u00e9s de llegar de <strong>Vard Vung Tau<\/strong>, el astillero en Vietnam. Su viaje inaugural con pasajeros comenzar\u00e1 en Cairns, Queensland, a fines de marzo.<\/p>\n<p style=\"text-align: justify;\">El barco fue desarrollado por <strong>Vard Design<\/strong> en Noruega, dise\u00f1ado para cruceros de expedici\u00f3n personalizados a destinos en Asia y Ocean\u00eda. Tiene 93,7 metros de largo, con un haz de 17,2 metros y alojamiento para 120 comensales.<\/p>\n<p style=\"text-align: justify;\">\u201cEste es el segundo barco que estamos construyendo con VARD. Estamos satisfechos con el resultado\u201d, dijo <strong>Mark Fifield, gerente common del grupo Coral Expeditions.<\/strong><\/p>\n<hr\/><\/div>\n\n<p><em> &#8221; Fuentes portalportuario.cl &#8221; <\/em><\/p>\n","protected":false},"excerpt":{"rendered":"<p>Por Redacci\u00f3n PortalPortuario.cl @PortalPortuario Coral Expeditions\u00a0recibi\u00f3 su segundo crucero de expedici\u00f3n de manos del astillero Vard. La nave forma parte de un plan de expansi\u00f3n de su flota. El buque, dise\u00f1o Vard 6 01, se suma al Coral Adventurer que fue entregado en 2019. El nuevo Coral Geographer est\u00e1 listo para embarcarse despu\u00e9s de llegar [&hellip;]<\/p>\n","protected":false},"author":4,"featured_media":94444,"comment_status":"open","ping_status":"closed","sticky":false,"template":"","format":"standard","meta":{"om_disable_all_campaigns":false,"jnews-multi-image_gallery":[],"jnews_single_post":[],"jnews_primary_category":[],"jnews_social_meta":[],"footnotes":""},"categories":[41],"tags":[],"class_list":["post-94443","post","type-post","status-publish","format-standard","has-post-thumbnail","hentry","category-cruceros"],"_links":{"self":[{"href":"https:\/\/dimensionturistica.com\/es\/wp-json\/wp\/v2\/posts\/94443","targetHints":{"allow":["GET"]}}],"collection":[{"href":"https:\/\/dimensionturistica.com\/es\/wp-json\/wp\/v2\/posts"}],"about":[{"href":"https:\/\/dimensionturistica.com\/es\/wp-json\/wp\/v2\/types\/post"}],"author":[{"embeddable":true,"href":"https:\/\/dimensionturistica.com\/es\/wp-json\/wp\/v2\/users\/4"}],"replies":[{"embeddable":true,"href":"https:\/\/dimensionturistica.com\/es\/wp-json\/wp\/v2\/comments?post=94443"}],"version-history":[{"count":0,"href":"https:\/\/dimensionturistica.com\/es\/wp-json\/wp\/v2\/posts\/94443\/revisions"}],"wp:featuredmedia":[{"embeddable":true,"href":"https:\/\/dimensionturistica.com\/es\/wp-json\/wp\/v2\/media\/94444"}],"wp:attachment":[{"href":"https:\/\/dimensionturistica.com\/es\/wp-json\/wp\/v2\/media?parent=94443"}],"wp:term":[{"taxonomy":"category","embeddable":true,"href":"https:\/\/dimensionturistica.com\/es\/wp-json\/wp\/v2\/categories?post=94443"},{"taxonomy":"post_tag","embeddable":true,"href":"https:\/\/dimensionturistica.com\/es\/wp-json\/wp\/v2\/tags?post=94443"}],"curies":[{"name":"wp","href":"https:\/\/api.w.org\/{rel}","templated":true}]}}