{"id":944394,"date":"2025-03-14T09:19:05","date_gmt":"2025-03-14T09:19:05","guid":{"rendered":"https:\/\/dimensionturistica.com\/es\/?p=944394"},"modified":"2025-03-14T09:19:05","modified_gmt":"2025-03-14T09:19:05","slug":"cuando-la-etapa-de-retiro-se-transforma-en-compromiso-hacia-los-progenitores","status":"publish","type":"post","link":"https:\/\/dimensionturistica.com\/es\/cuando-la-etapa-de-retiro-se-transforma-en-compromiso-hacia-los-progenitores\/","title":{"rendered":"Cuando la etapa de retiro se transforma en compromiso hacia los progenitores"},"content":{"rendered":"<p><strong>La redenci\u00f3n a trav\u00e9s del viaje: un homenaje a la dedicaci\u00f3n familiar<\/strong><\/p>\n<p>En un mundo donde la vida moderna nos empuja a buscar experiencias y aventuras constantes, a menudo olvidamos la importancia de las relaciones familiares y los sacrificios que muchos hacen por el bienestar de sus seres queridos. Este es el caso de un hombre que, tras una vida dedicada al cuidado de su madre, decidi\u00f3, a los 68 a\u00f1os, priorizar su propio deseo de explorar el mundo. Su historia es un recordatorio de que nunca es tarde para retomar los sue\u00f1os y vivir intensamente.<\/p>\n<p>Desde joven, este hombre se vio envuelto en una rutina que giraba en torno a su madre, quien requer\u00eda atenci\u00f3n especial. Aunque asumi\u00f3 con cari\u00f1o esta responsabilidad, siempre hubo un rinc\u00f3n de su coraz\u00f3n que anhelaba viajar y descubrir nuevas culturas. Las vacaciones que una vez planific\u00f3 se convirtieron en meros sue\u00f1os postergados, mientras sus d\u00edas se llenaban de tareas cotidianas y deberes familiares.<\/p>\n<p>La dedicaci\u00f3n hacia un ser querido es un rasgo admirable, pero a menudo conlleva el riesgo de olvidarse de uno mismo. Tras varios a\u00f1os de entrega, con su madre alcanzando los 105 a\u00f1os, este hombre se vio frente a una encrucijada: continuar con su vida centrada en el cuidado o finalmente escuchar su propia voz interior que le susurraba la urgencia de cumplir sus sue\u00f1os de viaje.<\/p>\n<p>La jubilaci\u00f3n lleg\u00f3 con un nuevo aire de posibilidades. Decidido a aprovechar al m\u00e1ximo esta nueva etapa, comenz\u00f3 a explorar destinos que siempre hab\u00eda querido conocer. Desde la bella costa mediterr\u00e1nea hasta la majestuosidad de los Andes, cada viaje le ofreci\u00f3 no solo nuevas vistas, sino tambi\u00e9n una oportunidad para reconectar con s\u00ed mismo. A medida que cruzaba fronteras, su esp\u00edritu se rejuvenec\u00eda, y cada aventura se convert\u00eda en un acto de amor hacia su madre, a quien llevaba siempre en su coraz\u00f3n.<\/p>\n<p>Su historia subraya el valor del equilibrio entre la dedicaci\u00f3n a la familia y la b\u00fasqueda de la propia felicidad. La vida es un viaje y, al igual que en cualquier ruta, hay desv\u00edos inesperados que nos llevan a lugares maravillosos. Aprender a aceptar estos desv\u00edos y a sumar experiencias personales puede enriquecer no solo a uno mismo, sino tambi\u00e9n a aquellos que nos rodean.<\/p>\n<p>En la actualidad, muchos enfrentan dilemas similares. La realidad de cuidar a un familiar puede ser abrumadora, pero es vital recordar que nuestros anhelos y deseos tambi\u00e9n merecen atenci\u00f3n. Viajar no solo nos enriquece a nivel personal; tambi\u00e9n nos permite redefinir las relaciones con aquellos que hemos dejado atr\u00e1s temporalmente. Cada descubrimiento en el camino puede inspirar nuevas perspectivas y mantener la llama emocional encendida.<\/p>\n<p>Por lo tanto, la pr\u00f3xima vez que te encuentres en la encrucijada de elegir entre el deber y el deseo, recuerda que la vida es ef\u00edmera y que los momentos de felicidad son tesoros que deben ser atesorados. Los viajes, ya sean f\u00edsicos o emocionales, pueden ofrecer curas profundas al alma y recordar que nunca es demasiado tarde para seguir nuestros deseos. De esta forma, en cada paso que demos en nuevas tierras, llevamos en nuestro coraz\u00f3n a quienes han sido parte de nuestra traves\u00eda, haciendo de ellos una parte esencial de nuestra propia historia.<\/p>\n<p><em> &#8221; Sources www.lavanguardia.com &#8221; <\/em><\/p>\n<p><em> &#8221; Fuentes www.lavanguardia.com &#8221; <\/em><\/p>\n","protected":false},"excerpt":{"rendered":"<p>La redenci\u00f3n a trav\u00e9s del viaje: un homenaje a la dedicaci\u00f3n familiar En un mundo donde la vida moderna nos empuja a buscar experiencias y aventuras constantes, a menudo olvidamos la importancia de las relaciones familiares y los sacrificios que muchos hacen por el bienestar de sus seres queridos. Este es el caso de un [&hellip;]<\/p>\n","protected":false},"author":4,"featured_media":944395,"comment_status":"open","ping_status":"closed","sticky":false,"template":"","format":"standard","meta":{"om_disable_all_campaigns":false,"jnews-multi-image_gallery":[],"jnews_single_post":[],"jnews_primary_category":[],"jnews_social_meta":[],"footnotes":""},"categories":[39],"tags":[214030,214029,195739,63658,15538,5511,12059,171026],"class_list":["post-944394","post","type-post","status-publish","format-standard","has-post-thumbnail","hentry","category-viajes","tag-ciclo-de-vida","tag-cuidado-familiar","tag-dedicacion","tag-envejecimiento","tag-jubilacion","tag-padres","tag-responsabilidad","tag-vida-familiar"],"_links":{"self":[{"href":"https:\/\/dimensionturistica.com\/es\/wp-json\/wp\/v2\/posts\/944394","targetHints":{"allow":["GET"]}}],"collection":[{"href":"https:\/\/dimensionturistica.com\/es\/wp-json\/wp\/v2\/posts"}],"about":[{"href":"https:\/\/dimensionturistica.com\/es\/wp-json\/wp\/v2\/types\/post"}],"author":[{"embeddable":true,"href":"https:\/\/dimensionturistica.com\/es\/wp-json\/wp\/v2\/users\/4"}],"replies":[{"embeddable":true,"href":"https:\/\/dimensionturistica.com\/es\/wp-json\/wp\/v2\/comments?post=944394"}],"version-history":[{"count":0,"href":"https:\/\/dimensionturistica.com\/es\/wp-json\/wp\/v2\/posts\/944394\/revisions"}],"wp:featuredmedia":[{"embeddable":true,"href":"https:\/\/dimensionturistica.com\/es\/wp-json\/wp\/v2\/media\/944395"}],"wp:attachment":[{"href":"https:\/\/dimensionturistica.com\/es\/wp-json\/wp\/v2\/media?parent=944394"}],"wp:term":[{"taxonomy":"category","embeddable":true,"href":"https:\/\/dimensionturistica.com\/es\/wp-json\/wp\/v2\/categories?post=944394"},{"taxonomy":"post_tag","embeddable":true,"href":"https:\/\/dimensionturistica.com\/es\/wp-json\/wp\/v2\/tags?post=944394"}],"curies":[{"name":"wp","href":"https:\/\/api.w.org\/{rel}","templated":true}]}}