{"id":94437,"date":"2021-03-11T21:39:46","date_gmt":"2021-03-11T21:39:46","guid":{"rendered":"https:\/\/dimensionturistica.com\/es\/?p=94437"},"modified":"2021-03-11T21:39:46","modified_gmt":"2021-03-11T21:39:46","slug":"el-turismo-aragons-vuelve-a-ver-la-luz-pero-las-reservas-apenas-llegan","status":"publish","type":"post","link":"https:\/\/dimensionturistica.com\/es\/el-turismo-aragons-vuelve-a-ver-la-luz-pero-las-reservas-apenas-llegan\/","title":{"rendered":"El turismo aragons vuelve a ver la luz pero las reservas apenas llegan"},"content":{"rendered":"<p> <br \/>\n<\/p>\n<div id=\"TextoNoticia\">\n<p>El tel\u00e9fono vuelve a sonar desde ayer en los alojamientos tur\u00edsticos de Arag\u00f3n tras anunciarse el levantamiento de los confinamientos provinciales dentro de Arag\u00f3n. Tras cuatro meses de par\u00e1lisis casi whole, el sector vuelve a ver la luz con la finalizaci\u00f3n de esta restricci\u00f3n de movimientos aplicada por el coronavirus, lo que permite que a partir de este viernes\u00a0pueda iniciarse la esperada reactivaci\u00f3n de los negocios al ser posible que los zaragozanos &#8211;principales clientes a nivel interno&#8211; viajen a Huesca o Teruel. Pero<strong> la situaci\u00f3n no est\u00e1 para echar cohetes, de momento, al no ser posible la llegada de visitantes de fuera de la comunidad<\/strong>. Y el verano se ve todav\u00eda lejano, con un nivel de reservas que sigue bajo.<\/p>\n<p>&#13;<\/p>\n<p>\u00abEstamos ilusionados con la reapertura de las provincias, pero vivimos sobre todo de los clientes del resto de Espa\u00f1a\u00bb, se\u00f1al\u00f3 Anabel Costas, vicepresidenta de la Asociaci\u00f3n Provincial de Hosteler\u00eda de Huesca, donde la mayor\u00eda de los hoteles \u2014sobre todo los del Pirineo\u2014 llevan cerrados desde noviembre. Por esta raz\u00f3n, la reactivaci\u00f3n de turismo a corto plazo o en Semana Santa ser\u00e1 \u00aba medias\u00bb, afirm\u00f3. <strong>\u00abEst\u00e1n sonando los tel\u00e9fonos, algo que hac\u00eda meses que no pasaba, pero para hacer consultas y pedir informaci\u00f3n. En reservas no se est\u00e1 notando mucho movimiento\u00bb<\/strong>, apunt\u00f3.<\/p>\n<p>&#13;<\/p>\n<p>Aunque se mostr\u00f3 esperanzada con la recuperaci\u00f3n de la actividad, asegur\u00f3 que ahora prima la \u00abprudencia\u00bb entre los empresarios tur\u00edsticos a la espera de que se vayan dando nuevos pasos para la llegada de clientes. \u00abNo podemos llenar nuestras neveras de productos todav\u00eda, hay que ser cautos\u00bb, apunt\u00f3. Que se permita la movilidad dentro de Arag\u00f3n es una \u00abalegr\u00eda\u00bb y \u00abuna ayuda que valoramos y agradecemos, pero, reiter\u00f3, <strong>\u00abpara volver a la normalidad y poder subsistir necesitamos que corredores con las comunidad colindantes\u00bb<\/strong>. De ello depender\u00e1, seg\u00fan Costas, c\u00f3mo ser\u00e1 la campa\u00f1a de verano, ya que a d\u00eda de hoy los niveles de reversas son bajos. \u00abLa gente no tiene prisa, est\u00e1 esperando a ver c\u00f3mo va todo\u00bb, sostuvo. Si se percibe una posible vuelta de los turistas extranjeros, pero \u00abno nos podemos fiar\u00bb.<\/p>\n<p>&#13;<\/p>\n<p>Costas tambi\u00e9n pidi\u00f3 <strong>\u00abcalma y concienciaci\u00f3n\u00bb a la ciudadan\u00eda para en la necesidad de cumplir las medidas de prevenci\u00f3n<\/strong> frente al coronavirus cuando viajen y conseguir as\u00ed que Huesca se mantengan con los bajos niveles de contagio que tiene ahora. Tambi\u00e9n reclam\u00f3 a las autoridades sanitarias que \u00abcumplan con lo dicho\u00bb en cuanto al proceso de vacunaci\u00f3n y puedan ponerse en marcha \u00abpasaportes sanitarios\u00bb que faciliten el movimiento de viajeros.<\/p>\n<p>&#13;<\/p>\n<h2>Demanda latente<\/h2>\n<p>&#13;<\/p>\n<p>\u00abSomos optimistas. <strong>Pesamos que la cosa va a cambiar y tendr\u00e1 otro shade, pero ninguna maravilla hasta que no se abra totalmente Arag\u00f3n\u00bb<\/strong>, seg\u00fan el presidente de la Federaci\u00f3n Aragonesa de Turismo Rural (Faratur), Jes\u00fas Marco, quien record\u00f3 que el sector en Teruel se nutren principalmente de los turista que llegan de la parte de Levante. \u00abCon el turismos native podemos estar en 35% y el 40% de ocupaci\u00f3n, no m\u00e1s\u00bb, resumi\u00f3.<\/p>\n<p>&#13;<\/p>\n<p>\u00abHa habido tantos cambios de restricciones, los clientes se lo piensan mucho a la hora de hacer una reserva\u00bb, explic\u00f3. <strong>A ello se unen las limitaciones en el n\u00famero de personas que pueden reunirse,<\/strong> algo que restringe la actividad de las casas rurales, que muchos casos son alquiladas por grupos de amigos.\u00a0Por todo ello, se impone la prudencia a la espera de c\u00f3mo evolucione la pandemia. <strong>\u00abEstamos contentos, pero a ver qu\u00e9 ocurre en las pr\u00f3ximas semanas. De momento hay pocas reservas\u00bb,<\/strong> asever\u00f3. Eso s\u00ed, parece que la demanda est\u00e1 latente, ya que \u00abrecibimos muchas llamadas de gente que pide informaci\u00f3n\u00bb.<\/p>\n<p>&#13;<\/p>\n<p>Marco destac\u00f3 los <strong>esfuerzos que est\u00e1n haciendo los alojamientos rurales para ofrecer \u00abestablecimientos seguros\u00bb.<\/strong> Faratur, junto con la DGA y Turismo Verde de Huesca, crearon un sello que acreditar este compromiso y que ya tienen el 40% de los 700 alojamientos de la\u00a0asociaci\u00f3n. Debido al inter\u00e9s que ha generado la\u00a0iniciativa, van a volver a realizarse los cursos de formaci\u00f3n para la concesi\u00f3n de este marchamo de calidad en materia de prevenci\u00f3n frente al covid.<\/p>\n<p>&#13;<\/p>\n<h2>Zaragoza, sin ferias ni congresos<\/h2>\n<p>&#13;<\/p>\n<p>En el caso de la ciudad de Zaragoza,<strong> la reactivaci\u00f3n\u00a0del sector tur\u00edstico ser\u00e1 a\u00fan m\u00e1s lenta.<\/strong> La ausencia whole de congresos y ferias, que suponen uno de los principales nichos de negocios de los hoteles y alojamientos urbanos, hace imposible una recuperaci\u00f3n a corto plazo.<\/p>\n<p>&#13;<\/p>\n<p>La pr\u00f3xima gran cita prevista ser\u00e1<strong> Figan (Feria Internacional para la Producci\u00f3n Animal),<\/strong> que se celebrar\u00e1 del 7 al 10 de septiembre, tras haberse cancelado esta semana Enomaq, que esta prevista para finales de junio. Ahora bien, s\u00ed se espera que en\u00a0verano haya m\u00e1s movimiento de turistas nacionales e internacionales en relaci\u00f3n al a\u00f1o anterior.<\/p>\n<p>&#13;<\/p>\n<h2>\u00abOptimismo contenido\u00bb en las agencias de viajes<\/h2>\n<p>&#13;<\/p>\n<p>Aunque el levantamiento del confinamiento provincial no cambia muchas las cosas para las agencias de viajes de Arag\u00f3n, que est\u00e1n m\u00e1s especializadas en destinos nacionales e internacionales, estos negocios viven un \u00aboptimismo moderado\u00bb y\u00a0ven m\u00e1s cerca su remontada.<strong> Conf\u00edan en levantar el vuelo el pr\u00f3ximo verano, cuando se espera que no haya limitaciones de movimiento a nivel nacional,<\/strong> as\u00ed como a buena parte de los pa\u00edses.<\/p>\n<p>&#13;<\/p>\n<p>De hecho, los turoperadores est\u00e1n empezando a comercializar<strong> vuelos directos desde Zaragoza a Rusia, Polonia, Croacia y, puede que tambi\u00e9n, Egipto<\/strong> para este verano, seg\u00fan inform\u00f3 Jorge Moncada, presidente de la Asociaci\u00f3n de Agencias de Viajes de Arag\u00f3n. Ahora bien, por ahora, no hay apenas viajes contratados. <strong>\u00abEs imposible organizar las vacaciones con tanta incertidumbre.<\/strong> Si no se sabe si podremos ir a Huesca, como se va a reservar un viaje a Rusia\u00bb, se\u00f1al\u00f3. El \u00fanico segmento en el que se aprecia m\u00e1s movimiento es en el de los cruceros, ya que ofrecen la posibilidad de cancelar sin coste 15 d\u00edas antes de su inicio.<\/p>\n<p>&#13;<\/p>\n<p><strong>\u00abHay muchas consultas, preguntas y visitas en web,\u00a0 pero pocas ventas cerradas. Llegan con cuentagotas\u00bb<\/strong>, explic\u00f3. Sin embargo, Moncada cree que la situaci\u00f3n \u00abdar\u00e1 la vuelta\u00bb en positivo cuando se anuncie la apertura de mercados tur\u00edsticos como Canarias o Baleares.<\/p>\n<p>&#13;<br \/>\n<span><br \/>\n\t\t<\/span><\/div>\n<p><script async defer src=\"https:\/\/connect.facebook.net\/es_ES\/sdk.js\"><\/script><br \/>\n<br \/><\/p>\n<p><em> &#8221; Fuentes www.elperiodicodearagon.com &#8221; <\/em><\/p>\n","protected":false},"excerpt":{"rendered":"<p>El tel\u00e9fono vuelve a sonar desde ayer en los alojamientos tur\u00edsticos de Arag\u00f3n tras anunciarse el levantamiento de los confinamientos provinciales dentro de Arag\u00f3n. Tras cuatro meses de par\u00e1lisis casi whole, el sector vuelve a ver la luz con la finalizaci\u00f3n de esta restricci\u00f3n de movimientos aplicada por el coronavirus, lo que permite que a [&hellip;]<\/p>\n","protected":false},"author":4,"featured_media":94438,"comment_status":"open","ping_status":"closed","sticky":false,"template":"","format":"standard","meta":{"om_disable_all_campaigns":false,"jnews-multi-image_gallery":[],"jnews_single_post":[],"jnews_primary_category":[],"jnews_social_meta":[],"footnotes":""},"categories":[40],"tags":[6328],"class_list":["post-94437","post","type-post","status-publish","format-standard","has-post-thumbnail","hentry","category-industria","tag-aragon"],"_links":{"self":[{"href":"https:\/\/dimensionturistica.com\/es\/wp-json\/wp\/v2\/posts\/94437","targetHints":{"allow":["GET"]}}],"collection":[{"href":"https:\/\/dimensionturistica.com\/es\/wp-json\/wp\/v2\/posts"}],"about":[{"href":"https:\/\/dimensionturistica.com\/es\/wp-json\/wp\/v2\/types\/post"}],"author":[{"embeddable":true,"href":"https:\/\/dimensionturistica.com\/es\/wp-json\/wp\/v2\/users\/4"}],"replies":[{"embeddable":true,"href":"https:\/\/dimensionturistica.com\/es\/wp-json\/wp\/v2\/comments?post=94437"}],"version-history":[{"count":0,"href":"https:\/\/dimensionturistica.com\/es\/wp-json\/wp\/v2\/posts\/94437\/revisions"}],"wp:featuredmedia":[{"embeddable":true,"href":"https:\/\/dimensionturistica.com\/es\/wp-json\/wp\/v2\/media\/94438"}],"wp:attachment":[{"href":"https:\/\/dimensionturistica.com\/es\/wp-json\/wp\/v2\/media?parent=94437"}],"wp:term":[{"taxonomy":"category","embeddable":true,"href":"https:\/\/dimensionturistica.com\/es\/wp-json\/wp\/v2\/categories?post=94437"},{"taxonomy":"post_tag","embeddable":true,"href":"https:\/\/dimensionturistica.com\/es\/wp-json\/wp\/v2\/tags?post=94437"}],"curies":[{"name":"wp","href":"https:\/\/api.w.org\/{rel}","templated":true}]}}