{"id":943949,"date":"2025-03-13T13:51:09","date_gmt":"2025-03-13T13:51:09","guid":{"rendered":"https:\/\/dimensionturistica.com\/es\/?p=943949"},"modified":"2025-03-13T13:51:09","modified_gmt":"2025-03-13T13:51:09","slug":"corte-de-cabello-estilo-mariposa-la-opcion-revitalizante-perfecta-para-la-temporada-primavera-verano-2025","status":"publish","type":"post","link":"https:\/\/dimensionturistica.com\/es\/corte-de-cabello-estilo-mariposa-la-opcion-revitalizante-perfecta-para-la-temporada-primavera-verano-2025\/","title":{"rendered":"Corte de cabello estilo mariposa: la opci\u00f3n revitalizante perfecta para la temporada Primavera-Verano 2025."},"content":{"rendered":"<h3>El Corte de Cabello Mariposa: La Tendencia que Revoluciona Primavera-Verano 2025<\/h3>\n<p>La llegada de cada nueva temporada trae consigo un aire fresco y la oportunidad de renovar nuestro estilo. En este sentido, la primavera-verano 2025 no es la excepci\u00f3n, ya que presenta una tendencia que est\u00e1 capturando la atenci\u00f3n de amantes de la moda y el estilo: el corte de cabello mariposa. <\/p>\n<p>Este innovador estilo no solo es un cambio est\u00e9tico, sino una expresi\u00f3n de personalidad que se adapta a diversas formas de rostro y tipos de cabello. Con un enfoque en la textura y el movimiento, el corte mariposa se caracteriza por capas ligeras y suaves que enmarcan el rostro, brindando una sensaci\u00f3n de ligereza y fluidez, casi como si los cabellos danzaran al viento.<\/p>\n<h4>Un Estilo Vers\u00e1til y Personalizable<\/h4>\n<p>Lo que hace al corte mariposa tan atractivo es su versatilidad. Este look puede ser adaptado a diferentes longitudes, desde el bob hasta cabelleras m\u00e1s largas, y busca resaltar la naturalidad del cabello. Las capas se pueden ajustar en funci\u00f3n de la cantidad de volumen deseada, permitiendo que cada persona encuentre su versi\u00f3n perfecta. Ya se trate de un look m\u00e1s desenfadado y bohemio, o de uno m\u00e1s pulido y sofisticado, las posibilidades son infinitas.<\/p>\n<p>Adem\u00e1s, al incorporar este corte, puedes jugar con diferentes t\u00e9cnicas de estilizado. Las ondas suaves o el liso pulido son solo algunas de las opciones que pueden complementar esta tendencia. Sin embargo, lo que realmente resalta es el uso de productos que agreguen textura, logrando ese acabado sin esfuerzo que es tan deseado en temporadas c\u00e1lidas.<\/p>\n<h4>Un Toque de Color para M\u00e1s Vida<\/h4>\n<p>Para quienes deseen dar un paso m\u00e1s all\u00e1, la primavera es el momento ideal para experimentar con el color. Las mechas en tonos pastel o incluso t\u00e9cnicas como el balayage se combinan perfectamente con el corte mariposa, a\u00f1adiendo un toque vibrante que evoca la renovaci\u00f3n de la naturaleza en esta temporada. <\/p>\n<h4>La Influencia de las Redes Sociales<\/h4>\n<p>Vivimos en una era donde las redes sociales juegan un papel crucial en el establecimiento de tendencias. Instagram y TikTok son plataformas donde el corte mariposa est\u00e1 ganando popularidad r\u00e1pidamente, gracias a tutoriales y muestras que inspiran a muchos a atreverse a probarlo. La comunidad en l\u00ednea ha creado una conversaci\u00f3n activa sobre c\u00f3mo llevar este estilo, fomentando la creatividad y el intercambio de ideas entre los entusiastas del cabello.<\/p>\n<h4>Cuidados y Mantenimiento<\/h4>\n<p>Como con cualquier estilo de cabello, el mantenimiento es clave para lucir un corte mariposa impecable. Regularmente programar citas con tu estilista es esencial para mantener la forma del corte y asegurar que las capas permanezcan frescas. Adicionalmente, el uso de productos ligeros que no pesen el cabello es crucial para preservar la textura y mantener la ligereza que caracteriza a este estilo.<\/p>\n<h4>Conclusi\u00f3n<\/h4>\n<p>As\u00ed que, si est\u00e1s buscando un cambio para esta primavera-verano 2025, no busques m\u00e1s. El corte de cabello mariposa no solo es una afirmaci\u00f3n de estilo, sino una opci\u00f3n que abraza la individualidad y la libertad de expresi\u00f3n. Atr\u00e9vete a probarlo y descubre c\u00f3mo unas simples capas pueden transformar no solo tu cabello, sino tambi\u00e9n tu actitud hacia la moda y la belleza. \u00a1Es momento de dejar que tus alas se desplieguen!<\/p>\n<p><em> &#8221; Sources www.vogue.mx &#8221; <\/em><\/p>\n<p><em> &#8221; Fuentes www.vogue.mx &#8221; <\/em><\/p>\n","protected":false},"excerpt":{"rendered":"<p>El Corte de Cabello Mariposa: La Tendencia que Revoluciona Primavera-Verano 2025 La llegada de cada nueva temporada trae consigo un aire fresco y la oportunidad de renovar nuestro estilo. En este sentido, la primavera-verano 2025 no es la excepci\u00f3n, ya que presenta una tendencia que est\u00e1 capturando la atenci\u00f3n de amantes de la moda y [&hellip;]<\/p>\n","protected":false},"author":4,"featured_media":943950,"comment_status":"open","ping_status":"closed","sticky":false,"template":"","format":"standard","meta":{"om_disable_all_campaigns":false,"jnews-multi-image_gallery":[],"jnews_single_post":[],"jnews_primary_category":[],"jnews_social_meta":[],"footnotes":""},"categories":[144872],"tags":[27305,3381,201310,200508,200510,213895,207573,3379,8301,200334,22873,2873],"class_list":["post-943949","post","type-post","status-publish","format-standard","has-post-thumbnail","hentry","category-fashion","tag-27305","tag-belleza","tag-corte-de-cabello","tag-cortes-de-cabello","tag-estilo-personal","tag-estilo-rejuvenecedor","tag-mariposa","tag-peluqueria","tag-primavera","tag-primavera-verano-2025","tag-tendencias-de-moda","tag-verano"],"_links":{"self":[{"href":"https:\/\/dimensionturistica.com\/es\/wp-json\/wp\/v2\/posts\/943949","targetHints":{"allow":["GET"]}}],"collection":[{"href":"https:\/\/dimensionturistica.com\/es\/wp-json\/wp\/v2\/posts"}],"about":[{"href":"https:\/\/dimensionturistica.com\/es\/wp-json\/wp\/v2\/types\/post"}],"author":[{"embeddable":true,"href":"https:\/\/dimensionturistica.com\/es\/wp-json\/wp\/v2\/users\/4"}],"replies":[{"embeddable":true,"href":"https:\/\/dimensionturistica.com\/es\/wp-json\/wp\/v2\/comments?post=943949"}],"version-history":[{"count":0,"href":"https:\/\/dimensionturistica.com\/es\/wp-json\/wp\/v2\/posts\/943949\/revisions"}],"wp:featuredmedia":[{"embeddable":true,"href":"https:\/\/dimensionturistica.com\/es\/wp-json\/wp\/v2\/media\/943950"}],"wp:attachment":[{"href":"https:\/\/dimensionturistica.com\/es\/wp-json\/wp\/v2\/media?parent=943949"}],"wp:term":[{"taxonomy":"category","embeddable":true,"href":"https:\/\/dimensionturistica.com\/es\/wp-json\/wp\/v2\/categories?post=943949"},{"taxonomy":"post_tag","embeddable":true,"href":"https:\/\/dimensionturistica.com\/es\/wp-json\/wp\/v2\/tags?post=943949"}],"curies":[{"name":"wp","href":"https:\/\/api.w.org\/{rel}","templated":true}]}}