{"id":943278,"date":"2025-03-12T14:03:53","date_gmt":"2025-03-12T14:03:53","guid":{"rendered":"https:\/\/dimensionturistica.com\/es\/?p=943278"},"modified":"2025-03-12T14:03:53","modified_gmt":"2025-03-12T14:03:53","slug":"los-desplazamientos-del-imserso-en-incertidumbre-tras-seis-meses-sin-actividad","status":"publish","type":"post","link":"https:\/\/dimensionturistica.com\/es\/los-desplazamientos-del-imserso-en-incertidumbre-tras-seis-meses-sin-actividad\/","title":{"rendered":"Los desplazamientos del Imserso, en incertidumbre tras seis meses sin actividad"},"content":{"rendered":"<p><strong>El Futuro de los Viajes para Mayores: Esperanzas y Desaf\u00edos en Tiempos de Inacci\u00f3n<\/strong><\/p>\n<p>En el coraz\u00f3n del sector tur\u00edstico espa\u00f1ol, una de las iniciativas m\u00e1s esperadas y apreciadas por los mayores, los viajes del Imserso, se encuentra actualmente en un punto de incertidumbre. Tras medio a\u00f1o de inacci\u00f3n, el programa que ha permitido a miles de jubilados y pensionistas explorar diversas regiones del pa\u00eds est\u00e1 en suspense, despertando inquietudes en quienes anhelan descubrir nuevos horizontes y en las agencias de viajes que suelen colaborar con estas iniciativas.<\/p>\n<p>Desde su creaci\u00f3n, los viajes del Imserso han sido un recurso invaluable que no solo proporciona bienestar y ocio a los mayores, sino que tambi\u00e9n promueve la inclusi\u00f3n social y el turismo accesible. Sin embargo, la falta de comunicaci\u00f3n sobre la reactivaci\u00f3n de estos programas ha dejado a muchos en la penumbra, planteando preguntas sobre el futuro de una tradici\u00f3n que, durante a\u00f1os, ha enriquecido la vida de sus participantes.<\/p>\n<p>Este letargo ha generado un ecosistema de incertidumbre en el que las agencias de viajes est\u00e1n sufriendo las consecuencias. Muchos operadores se han visto forzados a buscar alternativas y adaptar sus ofertas, pero la falta de claridad sobre la reanudaci\u00f3n de los viajes subvencionados ha complicado a\u00fan m\u00e1s sus esfuerzos. A pesar de ello, se percibe un fuerte deseo de retomar estas actividades, conscientes de que los viajes no solo son una oportunidad de ocio, sino una medicina para el alma, que permite mantener la conexi\u00f3n social y disfrutar de experiencias \u00fanicas.<\/p>\n<p>No obstante, la situaci\u00f3n actual ofrece un espacio para la innovaci\u00f3n. En medio de la espera, surge la oportunidad de evaluar y renovar el enfoque del programa. Una revisi\u00f3n exhaustiva podr\u00eda dar paso a itinerarios m\u00e1s diversificados, adaptados a las nuevas demandas y preferencias de los viajeros mayores. Incorporar destinos menos conocidos, actividades culturales enriquecedoras y opciones de turismo sostenible podr\u00eda no solo atraer a m\u00e1s viajeros, sino tambi\u00e9n contribuir a la revitalizaci\u00f3n de regiones menos visitadas.<\/p>\n<p>Durante este tiempo de espera, es fundamental que todas las partes involucradas mantengan abiertos los canales de comunicaci\u00f3n. Para los mayores, la conexi\u00f3n emocional y la posibilidad de exploraci\u00f3n deben ser prioridades. Por ello, se hace necesario que los responsables del Imserso y las agencias de viajes se unan en torno a la mesa de di\u00e1logo para encontrar soluciones que beneficien a todos. Con el esp\u00edritu de colaboraci\u00f3n, es posible que junto con la reactivaci\u00f3n de viajes, se introduzcan nuevas pol\u00edticas que fomenten un turismo m\u00e1s inclusivo y accesible.<\/p>\n<p>De cara al futuro, la esperanza es que esta pausa se convierta en un trampol\u00edn para un nuevo comienzo. La necesidad de cuidar y atender la salud mental y emocional de los mayores se vuelve cada vez m\u00e1s evidente. La pandemia ha subrayado la importancia de salir, conectar y disfrutar de la vida en comunidad, y a medida que se consolidan los planes de reactivaci\u00f3n, la mirada debe centrarse en ofrecer un turismo que no solo busque satisfacer, sino que tambi\u00e9n potencie el bienestar de todas las generaciones.<\/p>\n<p>As\u00ed, mientras continuamos esperando con entusiasmo la reactivaci\u00f3n de los viajes del Imserso, es el momento de reflexionar sobre c\u00f3mo el turismo puede y debe evolucionar. Con la mirada en el horizonte, tanto los mayores como los agentes tur\u00edsticos se preparan para el d\u00eda en que una nueva aventura, una nueva historia, comience a escribirse en las p\u00e1ginas del turismo espa\u00f1ol.<\/p>\n<p><em> &#8221; Sources www.preferente.com &#8221; <\/em><\/p>\n<p><em> &#8221; Fuentes www.preferente.com &#8221; <\/em><\/p>\n","protected":false},"excerpt":{"rendered":"<p>El Futuro de los Viajes para Mayores: Esperanzas y Desaf\u00edos en Tiempos de Inacci\u00f3n En el coraz\u00f3n del sector tur\u00edstico espa\u00f1ol, una de las iniciativas m\u00e1s esperadas y apreciadas por los mayores, los viajes del Imserso, se encuentra actualmente en un punto de incertidumbre. Tras medio a\u00f1o de inacci\u00f3n, el programa que ha permitido a [&hellip;]<\/p>\n","protected":false},"author":4,"featured_media":943279,"comment_status":"open","ping_status":"closed","sticky":false,"template":"","format":"standard","meta":{"om_disable_all_campaigns":false,"jnews-multi-image_gallery":[],"jnews_single_post":[],"jnews_primary_category":[],"jnews_social_meta":[],"footnotes":""},"categories":[39],"tags":[707,12506,770,813,80987,546,544,545],"class_list":["post-943278","post","type-post","status-publish","format-standard","has-post-thumbnail","hentry","category-viajes","tag-actualidad","tag-administracion-publica","tag-espana","tag-imserso","tag-inaccion","tag-politica","tag-turismo","tag-viajes"],"_links":{"self":[{"href":"https:\/\/dimensionturistica.com\/es\/wp-json\/wp\/v2\/posts\/943278","targetHints":{"allow":["GET"]}}],"collection":[{"href":"https:\/\/dimensionturistica.com\/es\/wp-json\/wp\/v2\/posts"}],"about":[{"href":"https:\/\/dimensionturistica.com\/es\/wp-json\/wp\/v2\/types\/post"}],"author":[{"embeddable":true,"href":"https:\/\/dimensionturistica.com\/es\/wp-json\/wp\/v2\/users\/4"}],"replies":[{"embeddable":true,"href":"https:\/\/dimensionturistica.com\/es\/wp-json\/wp\/v2\/comments?post=943278"}],"version-history":[{"count":0,"href":"https:\/\/dimensionturistica.com\/es\/wp-json\/wp\/v2\/posts\/943278\/revisions"}],"wp:featuredmedia":[{"embeddable":true,"href":"https:\/\/dimensionturistica.com\/es\/wp-json\/wp\/v2\/media\/943279"}],"wp:attachment":[{"href":"https:\/\/dimensionturistica.com\/es\/wp-json\/wp\/v2\/media?parent=943278"}],"wp:term":[{"taxonomy":"category","embeddable":true,"href":"https:\/\/dimensionturistica.com\/es\/wp-json\/wp\/v2\/categories?post=943278"},{"taxonomy":"post_tag","embeddable":true,"href":"https:\/\/dimensionturistica.com\/es\/wp-json\/wp\/v2\/tags?post=943278"}],"curies":[{"name":"wp","href":"https:\/\/api.w.org\/{rel}","templated":true}]}}