{"id":94322,"date":"2021-03-11T17:44:07","date_gmt":"2021-03-11T17:44:07","guid":{"rendered":"https:\/\/dimensionturistica.com\/es\/?p=94322"},"modified":"2021-03-11T17:44:08","modified_gmt":"2021-03-11T17:44:08","slug":"dario-balmaceda-defiende-el-titulo-argentino-crucero-ante-yamil-peralta","status":"publish","type":"post","link":"https:\/\/dimensionturistica.com\/es\/dario-balmaceda-defiende-el-titulo-argentino-crucero-ante-yamil-peralta\/","title":{"rendered":"Dar\u00edo Balmaceda defiende el t\u00edtulo argentino crucero ante Yamil Peralta"},"content":{"rendered":"<p> <br \/>\n<\/p>\n<div>\n<p>El cordob\u00e9s Dar\u00edo Balmaceda defender\u00e1 ma\u00f1ana por primera vez el t\u00edtulo argentino crucero ante el campe\u00f3n sudamericano y latino CMB de la categor\u00eda, el bonaerense Yamil Peralta, en la pelea central de la cartelera a realizarse en el Parque de la Ciudad de Cutral Co, provincia de Neuqu\u00e9n.<\/p>\n<p>La velada ser\u00e1 televisada en directo por las se\u00f1ales de cable TyC Sports activities, a partir de las 22, y TyC Sports activities Play, desde las 20:30.<\/p>\n<p>En otro combate estelar de la noche, el noqueador neuquino Dami\u00e1n Rojas (r\u00e9cord de 13-2-0, con 1o ko) se enfrentar\u00e1 al marplatense Mat\u00edas Leiva (5-2-1, con 1 ko), en disputa del vacante t\u00edtulo fedebol ligero AMB.<\/p>\n<p>El combate entre Peralta (8-0-0, con 3 ko) y Balmaceda (19-19-2, con 13 ko) ser\u00e1 revancha del que sostuvieron el 1 de febrero pasado, en Los Polvorines, con victoria del bonaerense por nocaut t\u00e9cnico en el noveno spherical.<\/p>\n<p>La cartelera contar\u00e1 adem\u00e1s con dos combates preliminares, a cuatro rounds, entre pugilistas rentados. (T\u00e9lam)<\/p>\n<\/div>\n\n<p><em> &#8221; Fuentes www.grupolaprovincia.com &#8221; <\/em><\/p>\n","protected":false},"excerpt":{"rendered":"<p>El cordob\u00e9s Dar\u00edo Balmaceda defender\u00e1 ma\u00f1ana por primera vez el t\u00edtulo argentino crucero ante el campe\u00f3n sudamericano y latino CMB de la categor\u00eda, el bonaerense Yamil Peralta, en la pelea central de la cartelera a realizarse en el Parque de la Ciudad de Cutral Co, provincia de Neuqu\u00e9n. La velada ser\u00e1 televisada en directo por [&hellip;]<\/p>\n","protected":false},"author":4,"featured_media":0,"comment_status":"open","ping_status":"closed","sticky":false,"template":"","format":"standard","meta":{"om_disable_all_campaigns":false,"jnews-multi-image_gallery":[],"jnews_single_post":[],"jnews_primary_category":[],"jnews_social_meta":[],"footnotes":""},"categories":[41],"tags":[],"class_list":["post-94322","post","type-post","status-publish","format-standard","hentry","category-cruceros"],"_links":{"self":[{"href":"https:\/\/dimensionturistica.com\/es\/wp-json\/wp\/v2\/posts\/94322","targetHints":{"allow":["GET"]}}],"collection":[{"href":"https:\/\/dimensionturistica.com\/es\/wp-json\/wp\/v2\/posts"}],"about":[{"href":"https:\/\/dimensionturistica.com\/es\/wp-json\/wp\/v2\/types\/post"}],"author":[{"embeddable":true,"href":"https:\/\/dimensionturistica.com\/es\/wp-json\/wp\/v2\/users\/4"}],"replies":[{"embeddable":true,"href":"https:\/\/dimensionturistica.com\/es\/wp-json\/wp\/v2\/comments?post=94322"}],"version-history":[{"count":0,"href":"https:\/\/dimensionturistica.com\/es\/wp-json\/wp\/v2\/posts\/94322\/revisions"}],"wp:attachment":[{"href":"https:\/\/dimensionturistica.com\/es\/wp-json\/wp\/v2\/media?parent=94322"}],"wp:term":[{"taxonomy":"category","embeddable":true,"href":"https:\/\/dimensionturistica.com\/es\/wp-json\/wp\/v2\/categories?post=94322"},{"taxonomy":"post_tag","embeddable":true,"href":"https:\/\/dimensionturistica.com\/es\/wp-json\/wp\/v2\/tags?post=94322"}],"curies":[{"name":"wp","href":"https:\/\/api.w.org\/{rel}","templated":true}]}}