{"id":94278,"date":"2021-03-11T16:21:11","date_gmt":"2021-03-11T16:21:11","guid":{"rendered":"https:\/\/dimensionturistica.com\/es\/?p=94278"},"modified":"2021-03-11T16:21:11","modified_gmt":"2021-03-11T16:21:11","slug":"el-trafico-de-contenedores-crece-un-18-en-el-puerto-de-barcelona-en-los-dos-primeros-meses-del-ano","status":"publish","type":"post","link":"https:\/\/dimensionturistica.com\/es\/el-trafico-de-contenedores-crece-un-18-en-el-puerto-de-barcelona-en-los-dos-primeros-meses-del-ano\/","title":{"rendered":"El tr\u00e1fico de contenedores crece un 18% en el Puerto de Barcelona en los dos primeros meses del a\u00f1o"},"content":{"rendered":"<p> <br \/>\n<\/p>\n<div>\n<p style=\"text-align: justify;\">El Puerto de Barcelona est\u00e1 registrando un inicio de a\u00f1o de mucha actividad en sus muelles. Durante los meses de enero y febrero, el tr\u00e1fico de contenedores ha experimentando un incremento del 18% con respecto a los datos de un a\u00f1o antes. Este crecimiento, que confirma la tendencia al alza iniciada a finales de 2020, sit\u00faa el movimiento de contenedores en 595.073 TEUs en los dos primeros meses del a\u00f1o.<\/p>\n<p style=\"text-align: justify;\">Este significativo incremento es debido tanto al buen comportamiento de los contenedores de origen y destino como a los tr\u00e1nsitos. As\u00ed, en el caso de los contenedores de exportaci\u00f3n e importaci\u00f3n se ha registrado una evoluci\u00f3n al alza del 9,3%, sumando 333.081 TEU. Los contenedores de transbordo, por su parte, se incrementan un 30,8%, hasta los 261.993 TEU.<\/p>\n<p style=\"text-align: justify;\">Por pa\u00edses, es muy destacable el dinamismo de las exportaciones a la Uni\u00f3n de los Emirates \u00c1rabes y a China, que crecen un 77% y un 58%, respectivamente. India, con un incremento del 34%, y Marruecos, con un aumento del 23%, son otros de los mercados m\u00e1s activos en estos intercambios.<\/p>\n<p style=\"text-align: justify;\">Con respecto al tr\u00e1fico complete de mercanc\u00edas, entre los meses de enero y febrero han pasado por el Port de Barcelona un complete de 10,5 millones de toneladas, superando en un 3,4% los datos de los dos primeros meses de 2020.<\/p>\n<p style=\"text-align: justify;\">Tambi\u00e9n registra una mejora el tr\u00e1fico mar\u00edtimo de corta distancia, con un movimiento de cerca de 5 millones de toneladas de mercanc\u00edas, lo que supone un incremento del 1,8% con respecto a los meses de enero y febrero de 2020.<\/p>\n<p style=\"text-align: justify;\">Otros segmentos de tr\u00e1fico, como es el caso de las mercanc\u00edas a granel, se van recuperando poco a poco, aunque todav\u00eda no muestran un comportamiento positivo. As\u00ed, en el caso de los l\u00edquidos a granel en los dos primeros meses del a\u00f1o se registra un movimiento de 1,8 millones de toneladas (-23,3%). Con respecto a los s\u00f3lidos a granel, el movimiento toda suma 661.828 toneladas (-9,3%).<\/p>\n<p style=\"text-align: justify;\">VEH\u00cdCULOS Y PASAJE, LOS M\u00c1S PERJUDICADOS.\u00a0A pesar de los datos positivos de algunos tr\u00e1ficos, en este inicio de a\u00f1o se mantiene la tendencia negativa de los dos sectores que en el a\u00f1o 2020 ya fueron los m\u00e1s afectados por la pandemia: veh\u00edculos y pasaje.<\/p>\n<p style=\"text-align: justify;\">En el caso de los veh\u00edculos, la ca\u00edda hasta el mes de febrero es del 26,4%, con un movimiento de 81.041 unidades. A pesar del descenso, las ca\u00eddas son mucho menos pronunciadas que durante buena parte del a\u00f1o 2021. El cabotaje es el segmento m\u00e1s perjudicado en este tr\u00e1fico, pero en el caso de las importaciones y exportaciones, la ca\u00edda se va suavizando y se sit\u00faa ya en un 21,4%.<\/p>\n<p style=\"text-align: justify;\">En cuanto al pasaje, el descenso ha sido de un 82,1% (50.020 pasajeros), con especial incidencia en el tr\u00e1fico de cruceros, que sigue siendo inexistente, afectado todav\u00eda por las restricciones sanitarias. En el caso de los ferris, el descenso es del 55%.<\/p>\n<\/div>\n<p><script>!function(f,b,e,v,n,t,s){if(f.fbq)return;n=f.fbq=function(){n.callMethod?n.callMethod.apply(n,arguments):n.queue.push(arguments)};if(!f._fbq)f._fbq=n;n.push=n;n.loaded=!0;n.version='2.0';n.queue=[];t=b.createElement(e);t.async=!0;t.src=v;s=b.getElementsByTagName(e)[0];s.parentNode.insertBefore(t,s)}(window,document,'script','https:\/\/connect.facebook.net\/en_US\/fbevents.js');fbq('init','1161361057246236');fbq('track','PageView')<\/script><br \/>\n<br \/><\/p>\n<p><em> &#8221; Fuentes www.elestrechodigital.com &#8221; <\/em><\/p>\n","protected":false},"excerpt":{"rendered":"<p>El Puerto de Barcelona est\u00e1 registrando un inicio de a\u00f1o de mucha actividad en sus muelles. Durante los meses de enero y febrero, el tr\u00e1fico de contenedores ha experimentando un incremento del 18% con respecto a los datos de un a\u00f1o antes. Este crecimiento, que confirma la tendencia al alza iniciada a finales de 2020, [&hellip;]<\/p>\n","protected":false},"author":4,"featured_media":94279,"comment_status":"open","ping_status":"closed","sticky":false,"template":"","format":"standard","meta":{"om_disable_all_campaigns":false,"jnews-multi-image_gallery":[],"jnews_single_post":[],"jnews_primary_category":[],"jnews_social_meta":[],"footnotes":""},"categories":[41],"tags":[],"class_list":["post-94278","post","type-post","status-publish","format-standard","has-post-thumbnail","hentry","category-cruceros"],"_links":{"self":[{"href":"https:\/\/dimensionturistica.com\/es\/wp-json\/wp\/v2\/posts\/94278","targetHints":{"allow":["GET"]}}],"collection":[{"href":"https:\/\/dimensionturistica.com\/es\/wp-json\/wp\/v2\/posts"}],"about":[{"href":"https:\/\/dimensionturistica.com\/es\/wp-json\/wp\/v2\/types\/post"}],"author":[{"embeddable":true,"href":"https:\/\/dimensionturistica.com\/es\/wp-json\/wp\/v2\/users\/4"}],"replies":[{"embeddable":true,"href":"https:\/\/dimensionturistica.com\/es\/wp-json\/wp\/v2\/comments?post=94278"}],"version-history":[{"count":0,"href":"https:\/\/dimensionturistica.com\/es\/wp-json\/wp\/v2\/posts\/94278\/revisions"}],"wp:featuredmedia":[{"embeddable":true,"href":"https:\/\/dimensionturistica.com\/es\/wp-json\/wp\/v2\/media\/94279"}],"wp:attachment":[{"href":"https:\/\/dimensionturistica.com\/es\/wp-json\/wp\/v2\/media?parent=94278"}],"wp:term":[{"taxonomy":"category","embeddable":true,"href":"https:\/\/dimensionturistica.com\/es\/wp-json\/wp\/v2\/categories?post=94278"},{"taxonomy":"post_tag","embeddable":true,"href":"https:\/\/dimensionturistica.com\/es\/wp-json\/wp\/v2\/tags?post=94278"}],"curies":[{"name":"wp","href":"https:\/\/api.w.org\/{rel}","templated":true}]}}