{"id":94229,"date":"2021-03-11T14:50:32","date_gmt":"2021-03-11T14:50:32","guid":{"rendered":"https:\/\/dimensionturistica.com\/es\/?p=94229"},"modified":"2021-03-11T14:50:32","modified_gmt":"2021-03-11T14:50:32","slug":"semana-santa-2021-destinos-latinoamericanos-los-mas-buscados-por-colombianos-viajar-vida","status":"publish","type":"post","link":"https:\/\/dimensionturistica.com\/es\/semana-santa-2021-destinos-latinoamericanos-los-mas-buscados-por-colombianos-viajar-vida\/","title":{"rendered":"Semana santa 2021: Destinos latinoamericanos los m\u00e1s buscados por colombianos &#8211; Viajar &#8211; Vida"},"content":{"rendered":"<p> <br \/>\n<\/p>\n<div itemprop=\"articleBody\">\n<!--INICIO SABOR AUDIO--><br \/>\n<!--FIN SABOR AUDIO--><\/p>\n<p class=\"contenido\" id=\"p572489-m495-494-496\">El deseo por armar maletas y salir a recorrer el mundo est\u00e1 m\u00e1s vivo que nunca. <br \/>As\u00ed lo reportan los diferentes portales y buscadores de servicios tur\u00edsticos. A trav\u00e9s de la internet, los viajeros est\u00e1n buscando las ofertas de servicios tur\u00edsticos que ya est\u00e1n activos, as\u00ed como acompa\u00f1amiento y los precios m\u00e1s accesibles.<\/p>\n<p>De acuerdo con cifras de la agencia <b>Viajes Falabella<\/b>, \u201ca partir de que diera inicio la reactivaci\u00f3n de la econom\u00eda en septiembre de 2020, las b\u00fasquedas a trav\u00e9s de su p\u00e1gina web aumentaron un 95%. Las reservas con respecto al \u00faltimo a\u00f1o incrementaron en m\u00e1s del 200%\u201d.<\/p>\n<p>(Le puede interesar:\u00a0<a rel=\"nofollow noopener\" target=\"_blank\" href=\"https:\/\/www.eltiempo.com\/vida\/viajar\/reapertura-de-machu-picchu-en-peru-y-el-sector-turistico-570472\">Todo sobre la reapertura de Machu Picchu y el sector tur\u00edstico en Per\u00fa)<\/a><\/p>\n<p class=\"contenido\" id=\"p572489-m539-2-540\">Los destinos m\u00e1s reservados a trav\u00e9s de este canal son<b> Cartagena, San Andr\u00e9s, Bogot\u00e1 y Santa Marta<\/b>; y si de destinos internacionales se trata, los m\u00e1s apetecidos son Canc\u00fan, Punta Cana, Miami y Nueva York. Para acceder a mejores ofertas, del 22 al 26 de marzo se desarrollar\u00e1 el Scorching Sale, evento en el que participar\u00e1 Viajes Falabella dise\u00f1ando productos vacacionales para que nadie se quede sin viajar, con las mejores ofertas.<\/p>\n<p>Por su parte, <b>Reserving <\/b>reporta que los destinos m\u00e1s buscados en febrero por los colombianos en la regi\u00f3n para pasar el puente de Semana Santa son:<\/p>\n<p>&#8211; Canc\u00fan, M\u00e9xico <br \/>&#8211; Punta Cana, Rep\u00fablica Dominicana<br \/>&#8211; Ciudad de Panam\u00e1, Panam\u00e1<br \/>&#8211; Ciudad de M\u00e9xico, M\u00e9xico<br \/>&#8211; Playa del Carmen, M\u00e9xico<br \/><a rel=\"nofollow noopener\" target=\"_blank\" href=\"https:\/\/www.eltiempo.com\/vida\/viajar\/royal-caribbean-lanza-cruceros-solo-para-vacunados-570272\"><br \/>(Adem\u00e1s: <\/a><a rel=\"nofollow noopener\" target=\"_blank\" href=\"https:\/\/www.eltiempo.com\/vida\/viajar\/royal-caribbean-lanza-cruceros-solo-para-vacunados-570272\">Royal Caribbean lanza cruceros solo para vacunados contra covid-19<\/a>).<\/p>\n<div class=\"fotografia\" id=\"p572489-m545-3-546\">\n<div class=\"imagen-cuerpo-bk\">\n<figure itemscope=\"\" itemtype=\"https:\/\/schema.org\/ImageObject\" itemprop=\"image\" id=\"m550-549-551\" class=\"foto-galeria-articulo\"><img decoding=\"async\" alt=\"Hotel Xcaret Mexico\" src=\"data:image\/png;base64,iVBORw0KGgoAAAANSUhEUgAAAAIAAAABCAQAAABeK7cBAAAAC0lEQVR42mNkAAIAAAoAAv\/lxKUAAAAASUVORK5CYII=\" style=\" display: inline;\" width=\"600px\" height=\"450px\" data-original=\"\/files\/article_content\/uploads\/2020\/02\/05\/5e3af0ea038f9.jpeg\"\/><meta itemprop=\"width\" content=\"600\"\/><meta itemprop=\"height\" content=\"450\"\/><meta itemprop=\"url\" content=\"https:\/\/www.eltiempo.com\/files\/article_content\/uploads\/2020\/02\/05\/5e3af0ea038f9.jpeg\"\/><\/figure>\n<\/div>\n<div class=\"figcaption-cuerpo-bk credito-image-bk\"><figcaption class=\"foto-info\">\n<div class=\"titulo-foto-bk\">\n<p id=\"m557-1-558\" class=\"titulo\">Xcaret Mexico en Playa del Carmen, entre los destinos m\u00e1s buscados para esta temporada.\u00a0<\/p>\n<\/div>\n<\/figcaption><\/div>\n<\/div>\n<p class=\"contenido\" id=\"p572489-m571-4-572\">Tambi\u00e9n en <b>Latinoam\u00e9rica<\/b>, Chile se perfila como el segundo destino m\u00e1s barato de la regi\u00f3n, despu\u00e9s de Bolivia (US$ 25), al comparar los impuestos en las tasas de embarque de 10 pa\u00edses latinoamericanos. Y, sin duda, ser\u00e1 uno de los preferidos por su bioseguridad con relaci\u00f3n al covid, si se tiene en cuenta que con un promedio de 1,08 dosis diarias por cada 100 habitantes vacunados en las \u00faltimos 7 jornadas, <b>Chile<\/b> se convirti\u00f3 este martes (09.03.2021) en el pa\u00eds que m\u00e1s r\u00e1pido est\u00e1 administrando la vacuna en todo el mundo.<\/p>\n<p>(Le sugerimos: <a rel=\"nofollow noopener\" target=\"_blank\" href=\"https:\/\/www.eltiempo.com\/vida\/viajar\/minca-un-paraiso-escondido-en-la-sierra-nevada-de-santa-marta-569259\">Minca: un para\u00edso escondido en la Sierra Nevada de Santa Marta).<\/a><\/p>\n<p>Por su parte,\u00a0<b>Canc\u00fan <\/b>ya reporta mejoras en niveles de ocupaci\u00f3n hotelera, alcanzando 43% el fin de semana anterior. Tambi\u00e9n se registraron alzas en Grand Costa Maya (24.8%), Rivera Maya (25.0%) y Cozumel (34.8%), seg\u00fan la <b>Secretar\u00eda de Turismo de Quintana Roo (Sedetur).<\/b><\/p>\n<p>Para este mes, esperan la llegada de 15.000 estudiantes norteamericanos, la mitad de los registrados en 2019. Y, el gobierno estatal espera que en el segundo trimestre del a\u00f1o se produzca un crecimiento en los indicadores tur\u00edsticos.<\/p>\n<p>Adem\u00e1s, este destino mexicano ser\u00e1 la sede de la Cumbre Mundial de Turismo en abril. \u201cEsta cumbre representa para <b>Quintana Roo<\/b> una plataforma de despegue para la nueva forma de hacer turismo\u201d, indic\u00f3 el gobernador Carlos Joaqu\u00edn Gonz\u00e1lez.<\/p>\n<div class=\"fotografia\" id=\"p572489-m577-5-578\">\n<div class=\"imagen-cuerpo-bk\">\n<figure itemscope=\"\" itemtype=\"https:\/\/schema.org\/ImageObject\" itemprop=\"image\" id=\"m582-581-583\" class=\"foto-galeria-articulo\"><img decoding=\"async\" alt=\"Las playas de Punta Cana en Rep\u00fablica Dominicana.\" src=\"data:image\/png;base64,iVBORw0KGgoAAAANSUhEUgAAAAIAAAABCAQAAABeK7cBAAAAC0lEQVR42mNkAAIAAAoAAv\/lxKUAAAAASUVORK5CYII=\" style=\" display: inline;\" width=\"600px\" height=\"450px\" data-original=\"\/files\/article_content\/uploads\/2017\/02\/11\/589fc426013e4.jpeg\"\/><meta itemprop=\"width\" content=\"600\"\/><meta itemprop=\"height\" content=\"450\"\/><meta itemprop=\"url\" content=\"https:\/\/www.eltiempo.com\/files\/article_content\/uploads\/2017\/02\/11\/589fc426013e4.jpeg\"\/><\/figure>\n<\/div>\n<div class=\"figcaption-cuerpo-bk credito-image-bk\"><figcaption class=\"foto-info\">\n<div class=\"titulo-foto-bk\">\n<p id=\"m589-1-590\" class=\"titulo\">Las playas de Punta Cana en Rep\u00fablica Dominicana.<\/p>\n<\/div>\n<p>\n<strong>Foto:<\/strong>\n<\/p>\n<\/figcaption><\/div>\n<\/div>\n<p class=\"contenido\" id=\"p572489-m603-6-604\"><b>Rep\u00fablica Dominicana<\/b> espera un repunte del turismo en marzo, con la llegada de entre 199.000 y 268.000 viajeros extranjeros en el mes, anunci\u00f3 el ministro de Turismo, David Collado.<\/p>\n<p>Estas cifras suponen un aumento de entre el 20 % y el 60 % con respecto al pasado febrero, mes para el que todav\u00eda el Banco Central no ha anunciado las cifras oficiales de llegada de viajeros.<\/p>\n<p>(Le sugerimos: <a rel=\"nofollow noopener\" target=\"_blank\" href=\"https:\/\/www.eltiempo.com\/vida\/viajar\/cuales-son-los-parques-nacionales-que-ya-se-pueden-visitar-569237\">Ocho Parques Nacionales Naturales que ya puede visitar)<\/a>.<\/p>\n<div class=\"fotografia\" id=\"p572489-m609-7-610\">\n<div class=\"imagen-cuerpo-bk\">\n<figure itemscope=\"\" itemtype=\"https:\/\/schema.org\/ImageObject\" itemprop=\"image\" id=\"m614-613-615\" class=\"foto-galeria-articulo\"><img decoding=\"async\" alt=\"Machu Pichu\" src=\"data:image\/png;base64,iVBORw0KGgoAAAANSUhEUgAAAAIAAAABCAQAAABeK7cBAAAAC0lEQVR42mNkAAIAAAoAAv\/lxKUAAAAASUVORK5CYII=\" style=\" display: inline;\" width=\"600px\" height=\"450px\" data-original=\"\/files\/article_content\/uploads\/2019\/01\/17\/5c41009c14715.jpeg\"\/><meta itemprop=\"width\" content=\"600\"\/><meta itemprop=\"height\" content=\"450\"\/><meta itemprop=\"url\" content=\"https:\/\/www.eltiempo.com\/files\/article_content\/uploads\/2019\/01\/17\/5c41009c14715.jpeg\"\/><\/figure>\n<\/div>\n<div class=\"figcaption-cuerpo-bk credito-image-bk\"><figcaption class=\"foto-info\">\n<div class=\"titulo-foto-bk\">\n<p id=\"m621-1-622\" class=\"titulo\">Machu Picchu, en Cusco (Per\u00fa):es la ciudad Inca\u00a0 patrimonio cultural de la humanidad y funcion\u00f3 como centro pol\u00edtico, administrativo y religioso del imperio ind\u00edgena de la regi\u00f3n.<\/p>\n<\/div>\n<\/figcaption><\/div>\n<\/div>\n<p><span class=\"articulo-subtitulo\" id=\"p572489-m635-8-636\">Argentina busca cautivar a los colombianos para el segundo semestre<\/span><\/p>\n<p class=\"contenido\" id=\"p572489-m641-9-642\">Argentina vuelve este a\u00f1o como pa\u00eds invitado a la <b>Vitrina Tur\u00edstica de Anato.<\/b>\u00a0El pa\u00eds del sur busca\u00a0seguir consolid\u00e1ndose como uno de los destinos m\u00e1s destacados de <b>Suram\u00e9rica <\/b>en materia de viajes y fortalecer el movimiento de pasajeros con Colombia, para el segundo semetre del a\u00f1o (por ahora sigue adoptando nuevas medidas de management y entrada en las fronteras).<\/p>\n<p>Para esto ha adquirido el sello <b>Protected Travels<\/b>, establecido por la <b>World Journey &amp; Tourism Council, WTTC<\/b>, y demostrar\u00e1 nuevamente porqu\u00e9 es uno de los destinos m\u00e1s atractivos de la regi\u00f3n, con una amplia oferta en actividades n\u00e1uticas, enoturismo, deportes de invierno, gastronom\u00eda, cultura y naturaleza; sin duda una apuesta para el crecimiento del turismo internacional en la regi\u00f3n.<\/p>\n<p>Entre las consultas y reservas para Argentina se destacan cl\u00e1sicos como<b> Iguaz\u00fa, Ushuaia y El Calafate, Mendoza, Bariloche y el Noroeste.<\/b><\/p>\n<p>\u201cHay una tendencia a la b\u00fasqueda de naturaleza y de espacios m\u00e1s generosos, pero la demanda -un tercio de la que hab\u00eda en prepandemia- est\u00e1 focalizada en productos tradicionales\u201d, le dijo Rodolfo Am\u00e9ndola, director de la agencia Amichi, a Reportur.com.ar.<\/p>\n<p><span class=\"articulo-subtitulo\" id=\"p572489-m647-10-648\">Per\u00fa quiere una buena tajada<\/span><\/p>\n<p class=\"contenido\" id=\"p572489-m653-11-654\">La milenaria ciudadela inca de <b>Machu Picchu<\/b>, la mayor atracci\u00f3n tur\u00edstica de Per\u00fa, ya est\u00e1 recibiendo visitantes tras la decisi\u00f3n del Gobierno peruano de levantar la cuarentena que decret\u00f3 en febrero en algunas regiones del pa\u00eds a fin de frenar el avance de la pandemia.<\/p>\n<p>Seg\u00fan inform\u00f3 el Ministerio de Cultura a trav\u00e9s de la Direcci\u00f3n Desconcentrada de Cultura de Cusco, las visitas al Machu Picchu se retomar\u00e1n con un aforo limitado al 40 % de su capacidad, lo que significa un ingreso m\u00e1ximo de 897 turistas por d\u00eda, en lugar de los alrededor de 5.000 a los que llegaba antes de la pandemia.<\/p>\n<p>Tambi\u00e9n se retomaron, con ciertas restricciones, las visitas a otros sitios tur\u00edsticos de la regi\u00f3n de <b>Cusco<\/b>, como el<b> Parque Arqueol\u00f3gico de Raqchi<\/b>, ubicado en el distrito de San Pedro, en la provincia de Canchis.<\/p>\n<p>Asimismo, volvi\u00f3 a permitirse la entrada de turistas en otras \u00e1reas protegidas del pa\u00eds, entre ellas la <b>Reserva Nacional de Paracas<\/b>, una de las \u00e1reas naturales m\u00e1s visitadas de Per\u00fa.<\/p>\n<p>Con informaci\u00f3n de EFE, Reserving, Viajes Falabella, Emol (GDA).<\/p>\n<\/div>\n\n<p><em> &#8221; Fuentes www.eltiempo.com &#8221; <\/em><\/p>\n","protected":false},"excerpt":{"rendered":"<p>El deseo por armar maletas y salir a recorrer el mundo est\u00e1 m\u00e1s vivo que nunca. As\u00ed lo reportan los diferentes portales y buscadores de servicios tur\u00edsticos. A trav\u00e9s de la internet, los viajeros est\u00e1n buscando las ofertas de servicios tur\u00edsticos que ya est\u00e1n activos, as\u00ed como acompa\u00f1amiento y los precios m\u00e1s accesibles. De acuerdo [&hellip;]<\/p>\n","protected":false},"author":4,"featured_media":94230,"comment_status":"open","ping_status":"closed","sticky":false,"template":"","format":"standard","meta":{"om_disable_all_campaigns":false,"jnews-multi-image_gallery":[],"jnews_single_post":[],"jnews_primary_category":[],"jnews_social_meta":[],"footnotes":""},"categories":[39],"tags":[3813,2849],"class_list":["post-94229","post","type-post","status-publish","format-standard","has-post-thumbnail","hentry","category-viajes","tag-santa","tag-semana"],"_links":{"self":[{"href":"https:\/\/dimensionturistica.com\/es\/wp-json\/wp\/v2\/posts\/94229","targetHints":{"allow":["GET"]}}],"collection":[{"href":"https:\/\/dimensionturistica.com\/es\/wp-json\/wp\/v2\/posts"}],"about":[{"href":"https:\/\/dimensionturistica.com\/es\/wp-json\/wp\/v2\/types\/post"}],"author":[{"embeddable":true,"href":"https:\/\/dimensionturistica.com\/es\/wp-json\/wp\/v2\/users\/4"}],"replies":[{"embeddable":true,"href":"https:\/\/dimensionturistica.com\/es\/wp-json\/wp\/v2\/comments?post=94229"}],"version-history":[{"count":0,"href":"https:\/\/dimensionturistica.com\/es\/wp-json\/wp\/v2\/posts\/94229\/revisions"}],"wp:featuredmedia":[{"embeddable":true,"href":"https:\/\/dimensionturistica.com\/es\/wp-json\/wp\/v2\/media\/94230"}],"wp:attachment":[{"href":"https:\/\/dimensionturistica.com\/es\/wp-json\/wp\/v2\/media?parent=94229"}],"wp:term":[{"taxonomy":"category","embeddable":true,"href":"https:\/\/dimensionturistica.com\/es\/wp-json\/wp\/v2\/categories?post=94229"},{"taxonomy":"post_tag","embeddable":true,"href":"https:\/\/dimensionturistica.com\/es\/wp-json\/wp\/v2\/tags?post=94229"}],"curies":[{"name":"wp","href":"https:\/\/api.w.org\/{rel}","templated":true}]}}