{"id":94215,"date":"2021-03-11T14:20:18","date_gmt":"2021-03-11T14:20:18","guid":{"rendered":"https:\/\/dimensionturistica.com\/es\/?p=94215"},"modified":"2021-03-11T14:20:18","modified_gmt":"2021-03-11T14:20:18","slug":"retoman-bloqueos-en-cruceros-de-santa-lucia-del-camino-exigen-vacuna-anti-covid-0800-h-adn-agencia-digital-de-noticias-sureste","status":"publish","type":"post","link":"https:\/\/dimensionturistica.com\/es\/retoman-bloqueos-en-cruceros-de-santa-lucia-del-camino-exigen-vacuna-anti-covid-0800-h-adn-agencia-digital-de-noticias-sureste\/","title":{"rendered":"Retoman bloqueos en cruceros de Santa Luc\u00eda del Camino, exigen vacuna anti Covid (08:00 h) \u2039 ADN \u2013 Agencia Digital de Noticias Sureste"},"content":{"rendered":"<p> <br \/>\n<\/p>\n<div>\n<p style=\"text-align: justify;\">Sarai Jim\u00e9nez<u\/><u\/><\/p>\n<p style=\"text-align: justify;\"><u\/>Oaxaca de Ju\u00e1rez, 11 de marzo. Vecinos de Santa Luc\u00eda del Camino retomaron las protestas que iniciaron ayer por la noche para exigir la vacunaci\u00f3n anti covid que de \u00faltima hora fue suspendida.<u\/><u\/><\/p>\n<p style=\"text-align: justify;\"><u\/> <img decoding=\"async\" class=\"alignleft size-medium wp-image-355777\" src=\"https:\/\/dimensionturistica.com\/es\/wp-content\/uploads\/2021\/03\/Retoman-bloqueos-en-cruceros-de-Santa-Lucia-del-Camino-exigen.jpg\" alt=\"\" width=\"300\" height=\"159\"  \/><u\/><\/p>\n<p style=\"text-align: justify;\">Esta madrugada, se retiraron alrededor de la 1:30 horas pero esta ma\u00f1ana retomaron los bloqueos en la avenida Ferrocarril y Calicanto.<u\/><u\/><\/p>\n<p style=\"text-align: justify;\"><u\/>\u00a0<u\/><\/p>\n<p style=\"text-align: justify;\">Tambi\u00e9n impiden el paso sobre\u00a0 avenida Ferrocarril esquina Hornos.<u\/><u\/><\/p>\n<p style=\"text-align: justify;\"><u\/>\u00a0<u\/><\/p>\n<p style=\"text-align: justify;\">Los habitantes de este municipio, lamentaron la falta de coordinaci\u00f3n de las autoridades federales encargadas de la vacunaci\u00f3n, por lo que exigieron una fecha para el inicio de la vacunaci\u00f3n en Santa Luc\u00eda para que retiren sus bloqueos.<img decoding=\"async\" class=\"alignleft size-medium wp-image-355775\" src=\"https:\/\/dimensionturistica.com\/es\/wp-content\/uploads\/2021\/03\/Retoman-bloqueos-en-cruceros-de-Santa-Lucia-del-Camino-exigen.png\" alt=\"\" width=\"300\" height=\"153\"  \/><u\/><u\/><\/p>\n<p style=\"text-align: justify;\">No descartaron ampliar sus bloqueos\u00a0 sino les garantizan una fecha para la vacunaci\u00f3n de los adultos mayores de esta localidad.<\/p>\n<p>\u00a0<\/p>\n<p>\t\t\t\t\t\t\t\t\t\t<br class=\"clear\"\/><\/p>\n<hr\/>\n<h5 class=\"share_label\">\nCompartir<\/h5>\n<p><br class=\"clear\"\/><\/p><\/div>\n\n<p><em> &#8221; Fuentes www.adnsureste.info &#8221; <\/em><\/p>\n","protected":false},"excerpt":{"rendered":"<p>Sarai Jim\u00e9nez Oaxaca de Ju\u00e1rez, 11 de marzo. Vecinos de Santa Luc\u00eda del Camino retomaron las protestas que iniciaron ayer por la noche para exigir la vacunaci\u00f3n anti covid que de \u00faltima hora fue suspendida. Esta madrugada, se retiraron alrededor de la 1:30 horas pero esta ma\u00f1ana retomaron los bloqueos en la avenida Ferrocarril y [&hellip;]<\/p>\n","protected":false},"author":4,"featured_media":0,"comment_status":"open","ping_status":"closed","sticky":false,"template":"","format":"standard","meta":{"om_disable_all_campaigns":false,"jnews-multi-image_gallery":[],"jnews_single_post":[],"jnews_primary_category":[],"jnews_social_meta":[],"footnotes":""},"categories":[41],"tags":[],"class_list":["post-94215","post","type-post","status-publish","format-standard","hentry","category-cruceros"],"_links":{"self":[{"href":"https:\/\/dimensionturistica.com\/es\/wp-json\/wp\/v2\/posts\/94215","targetHints":{"allow":["GET"]}}],"collection":[{"href":"https:\/\/dimensionturistica.com\/es\/wp-json\/wp\/v2\/posts"}],"about":[{"href":"https:\/\/dimensionturistica.com\/es\/wp-json\/wp\/v2\/types\/post"}],"author":[{"embeddable":true,"href":"https:\/\/dimensionturistica.com\/es\/wp-json\/wp\/v2\/users\/4"}],"replies":[{"embeddable":true,"href":"https:\/\/dimensionturistica.com\/es\/wp-json\/wp\/v2\/comments?post=94215"}],"version-history":[{"count":0,"href":"https:\/\/dimensionturistica.com\/es\/wp-json\/wp\/v2\/posts\/94215\/revisions"}],"wp:attachment":[{"href":"https:\/\/dimensionturistica.com\/es\/wp-json\/wp\/v2\/media?parent=94215"}],"wp:term":[{"taxonomy":"category","embeddable":true,"href":"https:\/\/dimensionturistica.com\/es\/wp-json\/wp\/v2\/categories?post=94215"},{"taxonomy":"post_tag","embeddable":true,"href":"https:\/\/dimensionturistica.com\/es\/wp-json\/wp\/v2\/tags?post=94215"}],"curies":[{"name":"wp","href":"https:\/\/api.w.org\/{rel}","templated":true}]}}