{"id":94186,"date":"2021-03-11T13:31:06","date_gmt":"2021-03-11T13:31:06","guid":{"rendered":"https:\/\/dimensionturistica.com\/es\/?p=94186"},"modified":"2021-03-11T13:31:06","modified_gmt":"2021-03-11T13:31:06","slug":"plan-migratorio-de-biden-los-esfuma-de-monterrey","status":"publish","type":"post","link":"https:\/\/dimensionturistica.com\/es\/plan-migratorio-de-biden-los-esfuma-de-monterrey\/","title":{"rendered":"Plan migratorio de Biden los esfuma de Monterrey"},"content":{"rendered":"<p> <br \/>\n<\/p>\n<div property=\"content:encoded\">\n<p><strong>Monterrey.-\u00a0\u00a0<\/strong>\u00bfY los <strong>migrantes<\/strong> de los cruceros? Es la pregunta de los regios al observar una disminuci\u00f3n appreciable de <strong>migrantes<\/strong> sobre todo en los cruceros.<\/p>\n<p> La reconstrucci\u00f3n migratoria presentada por el Presidente de Estados Unidos, <strong>Joe Biden<\/strong>, ha elevado la esperanza de algunas personas indocumentadas que ahora esperan indicaciones en la frontera con M\u00e9xico para buscar mejores oportunidades de vida en el pa\u00eds vecino.<\/p>\n<p><!-- Tag : --><noscript><\/noscript><!-- Tag : --><\/p>\n<div class=\"attach-wrapper attach-entity\">\n<div class=\"field field-name-field-inline-attach-image field-type-image field-label-hidden\">\n<div class=\"field-items\">\n<div class=\"field-item even\"><img decoding=\"async\" style=\"width: 100%;\" typeof=\"foaf:Image\" src=\"https:\/\/dimensionturistica.com\/es\/wp-content\/uploads\/2021\/03\/Plan-migratorio-de-Biden-los-esfuma-de-Monterrey.jpg\" alt=\"image\" width=\"509px\" height=\"290px\" \/><\/div>\n<\/div>\n<\/div>\n<\/div>\n<p>La administraci\u00f3n de Biden anunci\u00f3 que, a partir del mes de febrero de 2021, el Departamento de Seguridad Nacional (DHS) comenzar\u00eda a procesar a toda aquella persona que fue forzada a quedarse en M\u00e9xico bajo los Protocolos de Protecci\u00f3n al Migrante (MPP), acto que ser\u00eda considerado como la primera fase del proceso reconstructivo.<\/p>\n<p> Aunque se les solicit\u00f3 a los <strong>migrantes<\/strong>\u00a0permanecer en su lugar precise de residencia hasta nuevo aviso, aparentemente algunos prefirieron acercarse a la frontera y esperar ah\u00ed las indicaciones que les permitir\u00e1 continuar con sus casos en Estados Unidos.<\/p>\n<p> Sin embargo, solo aplicar\u00e1 para personas que cuentan con casos pendientes en la Oficial\u00eda Ejecutiva para la Revisi\u00f3n Migratoria. En un recorrido realizado por ABC Noticias se constat\u00f3 que la mayor\u00eda de los cruceros que meses atr\u00e1s registraban un flujo appreciable de <strong>migrantes<\/strong>, ahora lucen desolados tanto de d\u00eda como de noche en diferentes puntos del \u00e1rea metropolitana.<\/p>\n<p>Por la tarde, el cruce de Ruiz Cortines y Gonzalitos no fue necesario compartir turnos para ganar unas cuantas monedas, pues \u00fanicamente se observ\u00f3 a una persona hacer trucos frente a los automovilistas que esperaban el verde del sem\u00e1foro para poder avanzar. <\/p>\n<p>La situaci\u00f3n se repiti\u00f3 en Gonzalitos y Fleteros, pues no hab\u00eda rastros de personas <strong>migrantes<\/strong>, por lo menos no en esa \u00e1rea.<\/p>\n<p><span class=\"remate\"><\/span><!--Tag--><\/div>\n<p><script>(function (d, s, id) {\n    var js, fjs = d.getElementsByTagName(s)[0];\n    if (d.getElementById(id)) return;\n    js = d.createElement(s); js.id = id;\n    js.src = \"https:\/\/connect.facebook.net\/es_LA\/sdk.js#xfbml=1&version=v2.4&appId=133266204061317\";\n    fjs.parentNode.insertBefore(js, fjs);\n}(document, 'script', 'facebook-jssdk'));\n    window.fbAsyncInit = function () {\n        FB.Event.subscribe('comment.create', function (response) {\n            jQuery.ajax({\n                type: \"POST\",\n                url: \"..\/template\/comments.aspx\/saveComment\",\n                data: \"{'message':'\" + response.message + \"','siteid':'\" + 22 + \"','elementId':'\" + 197450 + \"','fcommentId':'\" + response.commentID + \"'}\",\n                contentType: \"application\/json; charset=utf-8\",\n                dataType: \"json\",\n                success: function (msg) {\n                    var objReturn = msg.d;\n                }\n            });\n        });\n    };\n<\/script><br \/>\n<br \/><\/p>\n<p><em> &#8221; Fuentes abcnoticias.mx &#8221; <\/em><\/p>\n","protected":false},"excerpt":{"rendered":"<p>Monterrey.-\u00a0\u00a0\u00bfY los migrantes de los cruceros? Es la pregunta de los regios al observar una disminuci\u00f3n appreciable de migrantes sobre todo en los cruceros. La reconstrucci\u00f3n migratoria presentada por el Presidente de Estados Unidos, Joe Biden, ha elevado la esperanza de algunas personas indocumentadas que ahora esperan indicaciones en la frontera con M\u00e9xico para buscar [&hellip;]<\/p>\n","protected":false},"author":4,"featured_media":94187,"comment_status":"open","ping_status":"closed","sticky":false,"template":"","format":"standard","meta":{"om_disable_all_campaigns":false,"jnews-multi-image_gallery":[],"jnews_single_post":[],"jnews_primary_category":[],"jnews_social_meta":[],"footnotes":""},"categories":[41],"tags":[],"class_list":["post-94186","post","type-post","status-publish","format-standard","has-post-thumbnail","hentry","category-cruceros"],"_links":{"self":[{"href":"https:\/\/dimensionturistica.com\/es\/wp-json\/wp\/v2\/posts\/94186","targetHints":{"allow":["GET"]}}],"collection":[{"href":"https:\/\/dimensionturistica.com\/es\/wp-json\/wp\/v2\/posts"}],"about":[{"href":"https:\/\/dimensionturistica.com\/es\/wp-json\/wp\/v2\/types\/post"}],"author":[{"embeddable":true,"href":"https:\/\/dimensionturistica.com\/es\/wp-json\/wp\/v2\/users\/4"}],"replies":[{"embeddable":true,"href":"https:\/\/dimensionturistica.com\/es\/wp-json\/wp\/v2\/comments?post=94186"}],"version-history":[{"count":0,"href":"https:\/\/dimensionturistica.com\/es\/wp-json\/wp\/v2\/posts\/94186\/revisions"}],"wp:featuredmedia":[{"embeddable":true,"href":"https:\/\/dimensionturistica.com\/es\/wp-json\/wp\/v2\/media\/94187"}],"wp:attachment":[{"href":"https:\/\/dimensionturistica.com\/es\/wp-json\/wp\/v2\/media?parent=94186"}],"wp:term":[{"taxonomy":"category","embeddable":true,"href":"https:\/\/dimensionturistica.com\/es\/wp-json\/wp\/v2\/categories?post=94186"},{"taxonomy":"post_tag","embeddable":true,"href":"https:\/\/dimensionturistica.com\/es\/wp-json\/wp\/v2\/tags?post=94186"}],"curies":[{"name":"wp","href":"https:\/\/api.w.org\/{rel}","templated":true}]}}