{"id":941298,"date":"2025-03-08T17:31:29","date_gmt":"2025-03-08T17:31:29","guid":{"rendered":"https:\/\/dimensionturistica.com\/es\/?p=941298"},"modified":"2025-03-08T17:31:29","modified_gmt":"2025-03-08T17:31:29","slug":"la-belleza-carece-de-un-patron-singular-mi-experiencia-como-modelo-viviendo-con-sindrome-de-down","status":"publish","type":"post","link":"https:\/\/dimensionturistica.com\/es\/la-belleza-carece-de-un-patron-singular-mi-experiencia-como-modelo-viviendo-con-sindrome-de-down\/","title":{"rendered":"La belleza carece de un patr\u00f3n singular: Mi experiencia como modelo viviendo con s\u00edndrome de Down"},"content":{"rendered":"<p><strong>Descubriendo nuevas perspectivas: La traves\u00eda de una joven modelo en la moda<\/strong><\/p>\n<p>En un mundo donde las pasarelas brillan con el fulgor de la alta costura, las historias detr\u00e1s de cada rostro son, a menudo, tan fascinantes como los dise\u00f1os que presentan. Una joven que ha desafiado las convenciones y ha creado su propio espacio es Diana Beltr\u00e1n. Su viaje no solo se trata de luces y c\u00e1maras, sino de encontrar su identidad en la industria del modelaje.<\/p>\n<p>Desde peque\u00f1a, Diana se sinti\u00f3 atra\u00edda por la moda, ese universo donde se entrelazan la creatividad y la autexpresi\u00f3n. Sin embargo, su camino no fue sencillo. Proveniente de un entorno donde los estereotipos de belleza predominan, su cuerpo y su esencia eran motivo de dudas. Pero ella decidi\u00f3 no conformarse con las expectativas ajenas y sigui\u00f3 su instinto. La b\u00fasqueda de su lugar en la moda la llev\u00f3 a entender que la belleza no se mide en n\u00fameros ni en tallas, sino en la autenticidad.<\/p>\n<p>Este viaje de autodescubrimiento dej\u00f3 huella en su carrera. Diana tuvo la valent\u00eda de redefinir lo que significa ser una modelo, convirti\u00e9ndose en defensora de la diversidad en un sector que, a menudo, parece ser monol\u00edtico. Desde sus primeras sesiones fotogr\u00e1ficas hasta su aparici\u00f3n en importantes desfiles, ha sido testigo de c\u00f3mo la industria puede evolucionar y abrir sus puertas a una mayor inclusi\u00f3n, gracias a voces como la suya.<\/p>\n<p>La conexi\u00f3n emocional que establece con su trabajo es palpable. No se trata solo de posar ante la c\u00e1mara: es una oportunidad de contar historias, de dar vida a conceptos y de visibilizar la diversidad que, sin duda, enriquece el \u00e1mbito de la moda. Su pasi\u00f3n brilla, impulsada por la idea de que cada persona es \u00fanica y puede aportar su granito de arena a esta gran pasarela global. A trav\u00e9s de su arte, invita a otros a abrazar sus diferencias, a ver la belleza en la diversidad.<\/p>\n<p>Diana Beltr\u00e1n tambi\u00e9n es consciente del poder que tiene en sus manos como modelo. Las redes sociales se han convertido en un escaparate, un lugar donde puede interactuar con sus seguidores y compartir su perspectiva sobre el mundo de la moda. Consciente de su voz, utiliza estas plataformas para inspirar a otros j\u00f3venes que, como ella, buscan un espacio donde puedan ser ellos mismos. La vulnerabilidad que muestra al compartir sus experiencias, sus triunfos y sus desaf\u00edos resuena profundamente en quienes la siguen.<\/p>\n<p>A medida que avanza en su carrera, Diana no solo busca el \u00e9xito personal; su visi\u00f3n se expande para incluir un cambio significativo en la industria. Su deseo de ver a m\u00e1s modelos de diferentes or\u00edgenes y experiencias, y de romper con los moldes tradicionalmente impuestos, es el motor que la impulsa. Este compromiso la hace destacar como una figura relevante no solo por su talento, sino por su pasi\u00f3n por la inclusi\u00f3n.<\/p>\n<p>Su historia es un recordatorio de que el camino hacia el \u00e9xito no est\u00e1 exento de desaf\u00edos, pero que con determinaci\u00f3n, autenticidad y creatividad, es posible crear un legado que inspire a otros. Mientras Diana contin\u00faa su trayectoria, deja claro que no solo est\u00e1 modelando ropa, sino tambi\u00e9n caminos y posibilidades para futuras generaciones en el mundo del modelaje.<\/p>\n<p>As\u00ed, la pr\u00f3xima vez que te detengas a admirar una pasarela o te deslumbres ante una campa\u00f1a publicitaria, recuerda que detr\u00e1s de cada imagen hay una historia de lucha y superaci\u00f3n. Y algunas de esas historias est\u00e1n siendo contadas con m\u00e1s fuerza gracias a voces como la de Diana, quien nos recuerda que ser diferentes es, en realidad, lo que nos une.<\/p>\n<p><em> &#8221; Sources www.vogue.mx &#8221; <\/em><\/p>\n<p><em> &#8221; Fuentes www.vogue.mx &#8221; <\/em><\/p>\n","protected":false},"excerpt":{"rendered":"<p>Descubriendo nuevas perspectivas: La traves\u00eda de una joven modelo en la moda En un mundo donde las pasarelas brillan con el fulgor de la alta costura, las historias detr\u00e1s de cada rostro son, a menudo, tan fascinantes como los dise\u00f1os que presentan. Una joven que ha desafiado las convenciones y ha creado su propio espacio [&hellip;]<\/p>\n","protected":false},"author":4,"featured_media":941299,"comment_status":"open","ping_status":"closed","sticky":false,"template":"","format":"standard","meta":{"om_disable_all_campaigns":false,"jnews-multi-image_gallery":[],"jnews_single_post":[],"jnews_primary_category":[],"jnews_social_meta":[],"footnotes":""},"categories":[144872],"tags":[192152,174310,3381,18780,4095,9507,12850,213156,213157,53456,34698],"class_list":["post-941298","post","type-post","status-publish","format-standard","has-post-thumbnail","hentry","category-fashion","tag-autoaceptacion","tag-autoestima","tag-belleza","tag-dia-de-la-mujer","tag-diversidad","tag-empoderamiento","tag-inclusion","tag-modelaje","tag-narrativas-personales","tag-sindrome-de-down","tag-superacion"],"_links":{"self":[{"href":"https:\/\/dimensionturistica.com\/es\/wp-json\/wp\/v2\/posts\/941298","targetHints":{"allow":["GET"]}}],"collection":[{"href":"https:\/\/dimensionturistica.com\/es\/wp-json\/wp\/v2\/posts"}],"about":[{"href":"https:\/\/dimensionturistica.com\/es\/wp-json\/wp\/v2\/types\/post"}],"author":[{"embeddable":true,"href":"https:\/\/dimensionturistica.com\/es\/wp-json\/wp\/v2\/users\/4"}],"replies":[{"embeddable":true,"href":"https:\/\/dimensionturistica.com\/es\/wp-json\/wp\/v2\/comments?post=941298"}],"version-history":[{"count":0,"href":"https:\/\/dimensionturistica.com\/es\/wp-json\/wp\/v2\/posts\/941298\/revisions"}],"wp:featuredmedia":[{"embeddable":true,"href":"https:\/\/dimensionturistica.com\/es\/wp-json\/wp\/v2\/media\/941299"}],"wp:attachment":[{"href":"https:\/\/dimensionturistica.com\/es\/wp-json\/wp\/v2\/media?parent=941298"}],"wp:term":[{"taxonomy":"category","embeddable":true,"href":"https:\/\/dimensionturistica.com\/es\/wp-json\/wp\/v2\/categories?post=941298"},{"taxonomy":"post_tag","embeddable":true,"href":"https:\/\/dimensionturistica.com\/es\/wp-json\/wp\/v2\/tags?post=941298"}],"curies":[{"name":"wp","href":"https:\/\/api.w.org\/{rel}","templated":true}]}}