{"id":94111,"date":"2021-03-11T11:09:45","date_gmt":"2021-03-11T11:09:45","guid":{"rendered":"https:\/\/dimensionturistica.com\/es\/?p=94111"},"modified":"2021-03-11T11:09:46","modified_gmt":"2021-03-11T11:09:46","slug":"caos-por-mal-manejo-en-plan-de-vacunacion-contra-la-covid-19","status":"publish","type":"post","link":"https:\/\/dimensionturistica.com\/es\/caos-por-mal-manejo-en-plan-de-vacunacion-contra-la-covid-19\/","title":{"rendered":"Caos por mal manejo en plan de vacunaci\u00f3n contra la Covid-19"},"content":{"rendered":"<p> <br \/>\n<\/p>\n<div>\n<p><strong>La improvisaci\u00f3n en el plan de vacunaci\u00f3n anticovid por parte de la Secretar\u00eda de Bienestar provoc\u00f3 desconcierto en la capital; ciudadanos de municipios conurbados protestan por cancelaci\u00f3n de la jornada de este jueves<\/strong><\/p>\n<p><em><strong>De la Redacci\u00f3n \/ Fotos de Agencia Estaci\u00f3n Foto<\/strong><\/em><\/p>\n<p><strong>Oaxaca, Oax.-<\/strong> La improvisaci\u00f3n en el plan de vacunaci\u00f3n anticovid por parte de la Secretar\u00eda del Bienestar (Sebien) del gobierno federal, provoc\u00f3 caos en el segundo d\u00eda de la jornada de vacunaci\u00f3n contra la Covid-19 en el municipio de Oaxaca de Ju\u00e1rez, donde ciudadanos se inconformaron porque pese a realizar filas de 24 horas, no alcanzaron dosis en algunas las nueve sedes que operaron este mi\u00e9rcoles.<\/p>\n<p>A esta situaci\u00f3n se sum\u00f3 el descontento de los oaxaque\u00f1os que ya formaban filas en municipios conurbados a la capital para la jornada de este jueves 11 de marzo, misma que fue cancelada luego de que la delegada federal de la Secretar\u00eda del Bienestar, Nancy Ortiz Cabrera, admitiera que las 30 mil 225 dosis de Pfizer que llegaron para ser aplicadas en seis municipios, no son suficientes.<\/p>\n<p>Para Oaxaca de Ju\u00e1rez se destinaron 23 mil 90 dosis, sin embargo, las brigadas \u201cCorrecaminos\u201d se\u00f1alaron que no cuentan con informaci\u00f3n sobre el arribo de m\u00e1s vacunas, por lo que este jueves qued\u00f3 cancelada la jornada de inmunizaci\u00f3n de adultos mayores.<\/p>\n<p>Asimismo, este mi\u00e9rcoles concluy\u00f3 la aplicaci\u00f3n de las vacunas en los municipios de Tlacolula de Matamoros, Santo Domingo Tomaltepec, San Andr\u00e9s Ixtlahuaca, San Agust\u00edn Yatareni y \u00c1nimas Trujano, donde tambi\u00e9n se reportaron roces entre ciudadanos que no alcanzaron una dosis.<\/p>\n<p>Se presum\u00eda que este jueves dar\u00eda inicio el proceso de inoculaci\u00f3n contra el virus SARS-CoV-2 en los municipios de Cuil\u00e1pam de Guerrero, San Andr\u00e9s Huayapam, San Jacinto Amilpas, San Pedro Ixtlahuaca, San Raymundo Jalpan, San Sebasti\u00e1n Tutla, Santa Cruz Amilpas, Santa Cruz Xoxocotl\u00e1n, Santa Luc\u00eda del Camino, Santa Mar\u00eda Atzompa y Santa Mar\u00eda El Tule, sin embargo, por indicaciones de la delegaci\u00f3n de Bienestar, la jornada fue cancelada hasta nuevo aviso.<\/p>\n<p>Ante ello, en diversos puntos de la entidad se registraron protestas. En el crucero de la agencia de Santa Mar\u00eda Ixcotel y la colonia las Flores, vecinos del municipio de Santa Luc\u00eda del Camino realizaron un bloqueo y quemaron neum\u00e1ticos para pedirle a la delegada de la Secretar\u00eda del Bienestar, Nancy Ortiz, una explicaci\u00f3n ante esta situaci\u00f3n.<\/p>\n<p>Los inconformes pidieron que se respete el calendario del plan de vacunaci\u00f3n, al mismo tiempo que reprocharon ser objeto de \u201cburlas\u201d por parte de la funcionaria federal, por lo que pidieron su renuncia.<\/p>\n<p>Adem\u00e1s, exigieron a Ortiz Cabrera que se disculpe con los ciudadanos ante la falta de compromiso para proteger a los adultos mayores contra la Covid-19.<\/p>\n<p>Los vecinos extendieron sus protestas a diversos cruceros de este municipio con la finalidad de presionar a la delegada a que ofreciera una explicaci\u00f3n por esta cancelaci\u00f3n.<\/p>\n<p>El mismo enojo se report\u00f3 en los municipios conurbados a la capital, donde muchas personas externaron su reclamo porque ya estaban formados con hasta 24 horas de anticipaci\u00f3n debido a la desinformaci\u00f3n que imper\u00f3 desde que inici\u00f3 la vacunaci\u00f3n anticovid en Oaxaca.<\/p>\n<figure class=\"wp-block-gallery columns-3 is-cropped\"\/>\n\t\t\t\t\t\t<\/div>\n\n<p><em> &#8221; Fuentes www.diariomarca.com.mx &#8221; <\/em><\/p>\n","protected":false},"excerpt":{"rendered":"<p>La improvisaci\u00f3n en el plan de vacunaci\u00f3n anticovid por parte de la Secretar\u00eda de Bienestar provoc\u00f3 desconcierto en la capital; ciudadanos de municipios conurbados protestan por cancelaci\u00f3n de la jornada de este jueves De la Redacci\u00f3n \/ Fotos de Agencia Estaci\u00f3n Foto Oaxaca, Oax.- La improvisaci\u00f3n en el plan de vacunaci\u00f3n anticovid por parte de [&hellip;]<\/p>\n","protected":false},"author":4,"featured_media":94112,"comment_status":"open","ping_status":"closed","sticky":false,"template":"","format":"standard","meta":{"om_disable_all_campaigns":false,"jnews-multi-image_gallery":[],"jnews_single_post":[],"jnews_primary_category":[],"jnews_social_meta":[],"footnotes":""},"categories":[41],"tags":[],"class_list":["post-94111","post","type-post","status-publish","format-standard","has-post-thumbnail","hentry","category-cruceros"],"_links":{"self":[{"href":"https:\/\/dimensionturistica.com\/es\/wp-json\/wp\/v2\/posts\/94111","targetHints":{"allow":["GET"]}}],"collection":[{"href":"https:\/\/dimensionturistica.com\/es\/wp-json\/wp\/v2\/posts"}],"about":[{"href":"https:\/\/dimensionturistica.com\/es\/wp-json\/wp\/v2\/types\/post"}],"author":[{"embeddable":true,"href":"https:\/\/dimensionturistica.com\/es\/wp-json\/wp\/v2\/users\/4"}],"replies":[{"embeddable":true,"href":"https:\/\/dimensionturistica.com\/es\/wp-json\/wp\/v2\/comments?post=94111"}],"version-history":[{"count":0,"href":"https:\/\/dimensionturistica.com\/es\/wp-json\/wp\/v2\/posts\/94111\/revisions"}],"wp:featuredmedia":[{"embeddable":true,"href":"https:\/\/dimensionturistica.com\/es\/wp-json\/wp\/v2\/media\/94112"}],"wp:attachment":[{"href":"https:\/\/dimensionturistica.com\/es\/wp-json\/wp\/v2\/media?parent=94111"}],"wp:term":[{"taxonomy":"category","embeddable":true,"href":"https:\/\/dimensionturistica.com\/es\/wp-json\/wp\/v2\/categories?post=94111"},{"taxonomy":"post_tag","embeddable":true,"href":"https:\/\/dimensionturistica.com\/es\/wp-json\/wp\/v2\/tags?post=94111"}],"curies":[{"name":"wp","href":"https:\/\/api.w.org\/{rel}","templated":true}]}}