{"id":94090,"date":"2021-03-11T10:28:02","date_gmt":"2021-03-11T10:28:02","guid":{"rendered":"https:\/\/dimensionturistica.com\/es\/?p=94090"},"modified":"2021-03-11T10:28:02","modified_gmt":"2021-03-11T10:28:02","slug":"el-62-de-los-espanoles-esta-a-favor-de-introducir-un-pasaporte-sanitario","status":"publish","type":"post","link":"https:\/\/dimensionturistica.com\/es\/el-62-de-los-espanoles-esta-a-favor-de-introducir-un-pasaporte-sanitario\/","title":{"rendered":"El 62% de los espa\u00f1oles est\u00e1 a favor de introducir un pasaporte sanitario"},"content":{"rendered":"<p> <br \/>\n<\/p>\n<div>\n<div class=\"td-post-featured-image\"><a rel=\"nofollow noopener\" target=\"_blank\" href=\"https:\/\/tecnohotelnews.com\/wp-content\/uploads\/2019\/06\/travellers-on-trapical-forest-blurred-park-PRX2A8H.jpg\" data-caption=\"\"><img decoding=\"async\" width=\"696\" height=\"464\" class=\"entry-thumb td-modal-image\" src=\"https:\/\/dimensionturistica.com\/es\/wp-content\/uploads\/2021\/03\/El-62-de-los-espanoles-esta-a-favor-de-introducir.jpg\"   alt=\"TURISMO RURAL viajeros sostenibilidad impacto medioambiental hoteles\" title=\"Travellers on trapical forest, Blurred park\"\/><\/a><\/div>\n<p>El Gobierno de Espa\u00f1a anunci\u00f3 este mi\u00e9rcoles su intenci\u00f3n de ser pionero en la aprobaci\u00f3n de un <a rel=\"nofollow noopener\" target=\"_blank\" href=\"https:\/\/tecnohotelnews.com\/2021\/03\/02\/pasaporte-sanitario-respetara-proteccion-datos-privacidad\/\">pasaporte de vacunaci\u00f3n<\/a>. As\u00ed lo confirm\u00f3 la ministra de Industria, Comercio y Turismo, Reyes Maroto. Esto supone un paso al frente de Espa\u00f1a en un contexto en el que los Estados miembros de la Uni\u00f3n Europea se encuentran debatiendo sobre la introducci\u00f3n de este pasaporte de vacunaci\u00f3n. Este documento registrar\u00eda qui\u00e9n se ha vacunado contra el coronavirus, en qu\u00e9 momento y con qu\u00e9 vacuna. Adem\u00e1s, dicho pasaporte podr\u00eda conllevar una serie de privilegios, como la posibilidad de viajar sin restricciones dentro de la Uni\u00f3n Europea.<\/p>\n<p>Por esta raz\u00f3n, Appinio, la plataforma international de investigaci\u00f3n de mercados, ha realizado una encuesta en varios pa\u00edses europeos (Alemania, Francia, Reino Unido y Espa\u00f1a) para conocer la opini\u00f3n de los ciudadanos al respecto.<\/p>\n<p>Seg\u00fan los datos obtenidos en esta encuesta, el 62% de los espa\u00f1oles est\u00e1 a favor de la introducci\u00f3n de este pasaporte sanitario, mientras que tan solo el 18% se declara en contra de ello. Si lo comparamos con otros pa\u00edses europeos, en Alemania el 45% ser\u00eda partidario, cifra que desciende al 32% en el caso de Francia. Adem\u00e1s, el n\u00famero que se opone a ello aumenta considerablemente respecto a nuestro pa\u00eds, con un 32% en Alemania y un 43% en Francia.<\/p>\n<p>En este sentido, los espa\u00f1oles resaltan que las principales razones para mostrarse en contra de la introducci\u00f3n del pasaporte de vacunaci\u00f3n son: que se trata de una limitaci\u00f3n de la libertad y los derechos de las personas (60%) y que puede llegar a generar un estigma en torno a las personas que no lo tienen (29%).<\/p>\n<p><img decoding=\"async\" loading=\"lazy\" class=\"alignnone size-full wp-image-31829\" src=\"https:\/\/dimensionturistica.com\/es\/wp-content\/uploads\/2021\/03\/1615458481_290_El-62-de-los-espanoles-esta-a-favor-de-introducir.jpg\" alt=\"century 21 paris airbnb francia airbnb booking\" width=\"740\" height=\"380\"  \/><\/p>\n<h4>Viajar en los pr\u00f3ximos meses<\/h4>\n<p>El turismo ha sido uno de los sectores que m\u00e1s fuertemente se ha visto afectado por la disaster sanitaria de la COVID-19, un sector primordial en la econom\u00eda espa\u00f1ola. Por este motivo, las empresas tienen la esperanza de que la vacunaci\u00f3n sea el salvavidas de cara a las pr\u00f3ximas vacaciones estivales.<\/p>\n<p>En este sentido, tan solo el 26% de los encuestados en nuestro pa\u00eds afirma que cree que este verano viajar\u00e1n m\u00e1s turistas a Espa\u00f1a que el a\u00f1o pasado, mientras que el 37% considera que no ser\u00e1 as\u00ed.<\/p>\n<p>En el supuesto de que se pudiese viajar por Espa\u00f1a sin restricciones en los pr\u00f3ximos seis meses, un 49% de los espa\u00f1oles encuestados afirma que se plantear\u00edan hacerlo, mientras que un 26% afirma tener ya planes concretos, y un 25% a\u00fan no se lo plantean debido a la situaci\u00f3n precise de la pandemia.<\/p>\n<p>Si hablamos de viajes internacionales sin restricciones, en caso de poder realizarse, un 45% de los espa\u00f1oles no se plantear\u00eda viajar fuera, un 38% estar\u00eda dispuesto a hacerlo pero a\u00fan no lo ha planeado y un un 16% ya tiene planes concretos para visitar alg\u00fan pa\u00eds fuera de nuestras fronteras. La cifra de ciudadanos que no viajar\u00eda fuera de su pa\u00eds aumenta hasta el 48% en el caso de Alemania y al 53% en Reino Unido, mientras que en Francia la cifra desciende hasta el 37%.<\/p>\n<p><img decoding=\"async\" loading=\"lazy\" class=\"alignnone size-full wp-image-59330\" src=\"https:\/\/dimensionturistica.com\/es\/wp-content\/uploads\/2021\/03\/1615458481_276_El-62-de-los-espanoles-esta-a-favor-de-introducir.jpg\" alt=\"viajeros turistas madrid\" width=\"1920\" height=\"1280\"  \/><\/p>\n<h4>Datos de vacunaci\u00f3n: el issue clave para elegir destino<\/h4>\n<p>El ritmo de vacunaci\u00f3n en el mundo est\u00e1 siguiendo un patr\u00f3n muy irregular. Esto ocurre tambi\u00e9n en Europa, donde Reino Unido aventaja considerablemente a su ex-socios de la Uni\u00f3n Europea, lo que puede suponer una ventaja competitiva de cara a la reactivaci\u00f3n del turismo.<\/p>\n<p>En nuestro pa\u00eds, a la hora de elegir un posible destino internacional para las vacaciones, el 93% de los encuestados afirma que en su decisi\u00f3n s\u00ed influir\u00e1 el n\u00famero de personas que hayan recibido la vacuna contra la Covid-19 en ese pa\u00eds, algo muy comparable a lo que ocurre en Reino Unido (92%). Esta cifra se sit\u00faa en el 84% en el caso de Alemania y en el 89% en el caso de Francia.<\/p>\n<p>\u201cEl proceso de vacunaci\u00f3n en cada pa\u00eds ser\u00e1 decisivo a la hora de agilizar la recuperaci\u00f3n del sector del turismo. Los datos de esta encuesta revelan una mayor confianza de los ciudadanos hacia aquellos pa\u00edses en los que el ritmo de vacunaci\u00f3n es mayor y por tanto, ser\u00e1 interesante observar la evoluci\u00f3n de este sentimiento una vez que el ritmo de vacunaci\u00f3n alcance velocidad de crucero\u201d, comenta Livia Mir\u00f3n, Nation Supervisor de Appinio en Espa\u00f1a.<\/p>\n<p class=\"image-credits\">Im\u00e1genes cedidas: ENVATO, Unsplash<\/p>\n<\/p><\/div>\n\n<p><em> &#8221; Fuentes tecnohotelnews.com &#8221; <\/em><\/p>\n","protected":false},"excerpt":{"rendered":"<p>El Gobierno de Espa\u00f1a anunci\u00f3 este mi\u00e9rcoles su intenci\u00f3n de ser pionero en la aprobaci\u00f3n de un pasaporte de vacunaci\u00f3n. As\u00ed lo confirm\u00f3 la ministra de Industria, Comercio y Turismo, Reyes Maroto. Esto supone un paso al frente de Espa\u00f1a en un contexto en el que los Estados miembros de la Uni\u00f3n Europea se encuentran [&hellip;]<\/p>\n","protected":false},"author":4,"featured_media":94091,"comment_status":"open","ping_status":"closed","sticky":false,"template":"","format":"standard","meta":{"om_disable_all_campaigns":false,"jnews-multi-image_gallery":[],"jnews_single_post":[],"jnews_primary_category":[],"jnews_social_meta":[],"footnotes":""},"categories":[41],"tags":[],"class_list":["post-94090","post","type-post","status-publish","format-standard","has-post-thumbnail","hentry","category-cruceros"],"_links":{"self":[{"href":"https:\/\/dimensionturistica.com\/es\/wp-json\/wp\/v2\/posts\/94090","targetHints":{"allow":["GET"]}}],"collection":[{"href":"https:\/\/dimensionturistica.com\/es\/wp-json\/wp\/v2\/posts"}],"about":[{"href":"https:\/\/dimensionturistica.com\/es\/wp-json\/wp\/v2\/types\/post"}],"author":[{"embeddable":true,"href":"https:\/\/dimensionturistica.com\/es\/wp-json\/wp\/v2\/users\/4"}],"replies":[{"embeddable":true,"href":"https:\/\/dimensionturistica.com\/es\/wp-json\/wp\/v2\/comments?post=94090"}],"version-history":[{"count":0,"href":"https:\/\/dimensionturistica.com\/es\/wp-json\/wp\/v2\/posts\/94090\/revisions"}],"wp:featuredmedia":[{"embeddable":true,"href":"https:\/\/dimensionturistica.com\/es\/wp-json\/wp\/v2\/media\/94091"}],"wp:attachment":[{"href":"https:\/\/dimensionturistica.com\/es\/wp-json\/wp\/v2\/media?parent=94090"}],"wp:term":[{"taxonomy":"category","embeddable":true,"href":"https:\/\/dimensionturistica.com\/es\/wp-json\/wp\/v2\/categories?post=94090"},{"taxonomy":"post_tag","embeddable":true,"href":"https:\/\/dimensionturistica.com\/es\/wp-json\/wp\/v2\/tags?post=94090"}],"curies":[{"name":"wp","href":"https:\/\/api.w.org\/{rel}","templated":true}]}}