{"id":940458,"date":"2025-03-06T22:06:56","date_gmt":"2025-03-06T22:06:56","guid":{"rendered":"https:\/\/dimensionturistica.com\/es\/?p=940458"},"modified":"2025-03-06T22:06:56","modified_gmt":"2025-03-06T22:06:56","slug":"estilos-de-corte-de-cabello-masculino-que-marcaran-tendencia-en-2025","status":"publish","type":"post","link":"https:\/\/dimensionturistica.com\/es\/estilos-de-corte-de-cabello-masculino-que-marcaran-tendencia-en-2025\/","title":{"rendered":"Estilos de Corte de Cabello Masculino que Marcar\u00e1n Tendencia en 2025"},"content":{"rendered":"<p><strong>Tendencias de Estilo Masculino: Cortes de Cabello que Marcar\u00e1n el 2025<\/strong><\/p>\n<p>A medida que nos acercamos a un nuevo a\u00f1o, el mundo del estilo masculino se renueva y evoluciona constantemente, creando un lienzo fresco para todos aquellos que desean expresar su identidad a trav\u00e9s de su apariencia. En este sentido, los cortes de cabello juegan un papel fundamental, convirti\u00e9ndose en verdaderas declaraciones de estilo que pueden transformar no solo la imagen, sino tambi\u00e9n la confianza personal.<\/p>\n<p>Para el 2025, se perfilan diversas tendencias que prometen dominar la escena. Desde estilos audaces hasta opciones m\u00e1s cl\u00e1sicas, hay un corte para cada personalidad y preferencia. Te invitamos a explorar las alternativas m\u00e1s emocionantes que dar\u00e1n forma a la cabeza de hombres alrededor del mundo.<\/p>\n<p><strong>1. El Cl\u00e1sico Renovado<\/strong><\/p>\n<p>El corte de cabello tipo \u201ccrew cut\u201d o &quot;corte de marinero&quot; se presenta como una opci\u00f3n atemporal que sigue estando de moda. Para 2025, se le da un giro moderno con texturas y acabados desiguales. Este tipo de corte es perfecto para el hombre que busca un estilo pr\u00e1ctico pero que no renuncia a la elegancia. Con mantenimiento f\u00e1cil, se adapta a un entorno laboral formal o a un evento casual.<\/p>\n<p><strong>2. El Desvanecido Creativo<\/strong><\/p>\n<p>El fade ha sido un corte popular por varias temporadas, pero lo que se transforma es la creatividad en su ejecuci\u00f3n. Este a\u00f1o, se duplica la intensidad de este estilo con desvanecidos m\u00e1s pronunciados y detalles art\u00edsticos que se integran en el dise\u00f1o. Puedes optar por patrones geom\u00e9tricos o motivos personalizados, convirtiendo un simple corte en una obra de arte personal.<\/p>\n<p><strong>3. Longitud y Volume Sin Miedo<\/strong><\/p>\n<p>Para aquellos que prefieren llevar su cabello m\u00e1s largo, el 2025 se revelar\u00e1 como el a\u00f1o perfecto para dejarse llevar. Estilos como el \u201cshag\u201d o el \u201cmullet\u201d actualizados, que incorporan capas y volumen, ofrecen un look desenfadado y moderno. Excelentes para los que disfrutan de un estilo de vida libre y art\u00edstico, estos cortes pueden ser estilizados de diversas maneras, permitiendo un enfoque m\u00e1s din\u00e1mico en la rutina diaria de peinado.<\/p>\n<p><strong>4. El Regreso del Rizado Natural<\/strong><\/p>\n<p>Los hombres que sienten orgullo por sus rizos podr\u00e1n sacar su mejor versi\u00f3n en 2025. Este a\u00f1o, la tendencia es abrazar lo natural, dejando que la textura del cabello hable por s\u00ed misma. Un corte que resalte y enmarque los rizos, combinado con un buen producto para su cuidado, no solo resaltar\u00e1 la belleza del cabello, sino que tambi\u00e9n promover\u00e1 la confianza en cada paso.<\/p>\n<p><strong>5. Estilos con Barba<\/strong><\/p>\n<p>El corte de cabello y la barba se han vuelto inseparables en la narrativa del estilo masculino. En 2025, las barbas bien cuidadas combinadas con cortes de cabello estructurados ser\u00e1n tendencia. Optar por un corte que complemente la forma de la cara y la barba puede aportar un equilibrio perfecto y realzar la masculinidad. <\/p>\n<p><strong>Conclusi\u00f3n<\/strong><\/p>\n<p>Las tendencias de cortes de cabello masculino para 2025 prometen ser variadas y sorprendentemente creativas. Desde estilos cl\u00e1sicos con un toque contempor\u00e1neo hasta looks arriesgados que desaf\u00edan los est\u00e1ndares, el a\u00f1o que viene se presenta como un carnaval de posibilidades para aquellos que desean explorar su estilo personal. \u00a1No tengas miedo de experimentar, porque tu cabello puede ser tu mejor carta de presentaci\u00f3n! <\/p>\n<p>As\u00ed que, hombre viajero, mientras planificas tu pr\u00f3ximo destino, no olvides reservar un espacio en tu agenda para una renovaci\u00f3n de estilo que te acompa\u00f1e en cada aventura. La nueva temporada de cortes de cabello no solo promete transformar tu look, sino tambi\u00e9n inspirarte a explorar la vida con confianza y autenticidad.<\/p>\n<p><em> &#8221; Sources www.vogue.mx &#8221; <\/em><\/p>\n<p><em> &#8221; Fuentes www.vogue.mx &#8221; <\/em><\/p>\n","protected":false},"excerpt":{"rendered":"<p>Tendencias de Estilo Masculino: Cortes de Cabello que Marcar\u00e1n el 2025 A medida que nos acercamos a un nuevo a\u00f1o, el mundo del estilo masculino se renueva y evoluciona constantemente, creando un lienzo fresco para todos aquellos que desean expresar su identidad a trav\u00e9s de su apariencia. En este sentido, los cortes de cabello juegan [&hellip;]<\/p>\n","protected":false},"author":4,"featured_media":940459,"comment_status":"open","ping_status":"closed","sticky":false,"template":"","format":"standard","meta":{"om_disable_all_campaigns":false,"jnews-multi-image_gallery":[],"jnews_single_post":[],"jnews_primary_category":[],"jnews_social_meta":[],"footnotes":""},"categories":[144872],"tags":[27305,212873,200508,13061,2262,659,202184,1252],"class_list":["post-940458","post","type-post","status-publish","format-standard","has-post-thumbnail","hentry","category-fashion","tag-27305","tag-barberia","tag-cortes-de-cabello","tag-estilos","tag-hombre","tag-moda","tag-peinados","tag-tendencia"],"_links":{"self":[{"href":"https:\/\/dimensionturistica.com\/es\/wp-json\/wp\/v2\/posts\/940458","targetHints":{"allow":["GET"]}}],"collection":[{"href":"https:\/\/dimensionturistica.com\/es\/wp-json\/wp\/v2\/posts"}],"about":[{"href":"https:\/\/dimensionturistica.com\/es\/wp-json\/wp\/v2\/types\/post"}],"author":[{"embeddable":true,"href":"https:\/\/dimensionturistica.com\/es\/wp-json\/wp\/v2\/users\/4"}],"replies":[{"embeddable":true,"href":"https:\/\/dimensionturistica.com\/es\/wp-json\/wp\/v2\/comments?post=940458"}],"version-history":[{"count":0,"href":"https:\/\/dimensionturistica.com\/es\/wp-json\/wp\/v2\/posts\/940458\/revisions"}],"wp:featuredmedia":[{"embeddable":true,"href":"https:\/\/dimensionturistica.com\/es\/wp-json\/wp\/v2\/media\/940459"}],"wp:attachment":[{"href":"https:\/\/dimensionturistica.com\/es\/wp-json\/wp\/v2\/media?parent=940458"}],"wp:term":[{"taxonomy":"category","embeddable":true,"href":"https:\/\/dimensionturistica.com\/es\/wp-json\/wp\/v2\/categories?post=940458"},{"taxonomy":"post_tag","embeddable":true,"href":"https:\/\/dimensionturistica.com\/es\/wp-json\/wp\/v2\/tags?post=940458"}],"curies":[{"name":"wp","href":"https:\/\/api.w.org\/{rel}","templated":true}]}}