{"id":940434,"date":"2025-03-06T21:27:55","date_gmt":"2025-03-06T21:27:55","guid":{"rendered":"https:\/\/dimensionturistica.com\/es\/?p=940434"},"modified":"2025-03-06T21:27:55","modified_gmt":"2025-03-06T21:27:55","slug":"los-cortes-de-cabello-corto-mas-destacados-bob-y-pixie-de-2025-hasta-ahora","status":"publish","type":"post","link":"https:\/\/dimensionturistica.com\/es\/los-cortes-de-cabello-corto-mas-destacados-bob-y-pixie-de-2025-hasta-ahora\/","title":{"rendered":"Los cortes de cabello corto m\u00e1s destacados: bob y pixie de 2025 (hasta ahora)"},"content":{"rendered":"<h3>Cortes de Cabello Corto: Estilo y Frescura en tu Viaje<\/h3>\n<p>Cuando uno piensa en viajar, a menudo se imagina paisajes deslumbrantes, culturas vibrantes y nuevas experiencias que enriquecer\u00e1n nuestra vida. Sin embargo, el viaje adecuado tambi\u00e9n es un momento perfecto para explorar nuestra propia imagen y, de una manera simple, un nuevo corte de cabello corto puede ser la chispa que necesitamos. Los cortes como el bob y el pixie son m\u00e1s que tendencias; son afirmaciones de estilo que puede llevar contigo a cualquier destino.<\/p>\n<h4>La Nueva Eclosi\u00f3n del Bob<\/h4>\n<p>El bob ha sido un cl\u00e1sico que nunca pasa de moda, pero en este nuevo ciclo se reinventa en diversas variaciones que se adaptan a cada personalidad. Ya sea un bob recto que enmarca el rostro con elegancia o uno texturizado que a\u00f1ade movimiento y volumen, el bob es sin\u00f3nimo de modernidad. Este corte, pr\u00e1ctico y chic, es ideal para quienes buscan no solo estilo, sino tambi\u00e9n comodidad en los d\u00edas exploratorios. Imagina pasear por las calles de Par\u00eds con un bob fresco, disfrutando de un caf\u00e9 en una terraza, mientras el viento acaricia tu cabello de manera sutil. <\/p>\n<h4>Pixie: Atrevimiento y Versatilidad<\/h4>\n<p>Por otro lado, el corte pixie se posiciona como el verdadero \u00edcono de la audacia. No se trata solamente de un corte de cabello, sino de un poderoso s\u00edmbolo de libertad y confianza. Este estilo, corto y audaz, resalta los rasgos faciales y da un aire juvenil que es perfecto para cualquier aventura. \u00bfTe imaginas tu nuevo look mientras escalas una monta\u00f1a en Machu Picchu o mientras exploras los vibrantes mercados de Marrakech? Sin duda, el pixie convierte cada instante en una declaraci\u00f3n de independencia y autenticidad.<\/p>\n<h4>La Combinaci\u00f3n de Estilo y Funcionalidad<\/h4>\n<p>La decisi\u00f3n de corte no debe limitarse solo a lo que est\u00e1 de moda. Tambi\u00e9n hay que considerar la funcionalidad; las temperaturas c\u00e1lidas de destinos tropicales o la necesidad de un estilo r\u00e1pido y efectivo en una ciudad bulliciosa. Un bob con puntas desiguales o un pixie con textura te permiten disfrutar de ambos mundos: un aspecto fresco que no requiere de mucho mantenimiento, mientras exploras mercados, museos y playas.<\/p>\n<h4>Consejos para Todo Tipo de Rostros<\/h4>\n<p>Cada corte tiene su encanto y, adem\u00e1s, puede adaptarse a distintas formas de rostro. El bob, por ejemplo, puede ser ideal para rostros ovalados o cuadrados, mientras que el pixie favorece a quienes tienen rasgos m\u00e1s delicados. Antes de decidirte por un look determinado, es recomendable consultar con un estilista que pueda sugerirte qu\u00e9 versi\u00f3n de estos cortes resaltar\u00e1 lo mejor de tu fisonom\u00eda.<\/p>\n<h4>Preparaci\u00f3n para el Cambio<\/h4>\n<p>Si tienes planes de viaje y est\u00e1s considerando un cambio de look, el momento ideal podr\u00eda ser justo antes de tu partida. Esto te permitir\u00e1 experimentar con tu nuevo estilo en un ambiente nuevo, rodeada de historias y paisajes frescos que ser\u00e1n el tel\u00f3n de fondo de tus selfies. Adem\u00e1s, no olvides que un buen cuidado del cabello, especialmente despu\u00e9s de un corte, puede asegurarte que luzca radiante en cada aventura.<\/p>\n<p>Al final del d\u00eda, cada viaje es tambi\u00e9n una oportunidad para redescubrirte, y nada refleja mejor esa transformaci\u00f3n que un nuevo corte de cabello. Atr\u00e9vete a hacer ese cambio y lleva contigo no solo una maleta llena de recuerdos, sino tambi\u00e9n un look que hable de tu esp\u00edritu aventurero. \u00bfListo para tu pr\u00f3xima escapada con un nuevo bob o un audaz pixie? \u00a1El mundo te espera!<\/p>\n<p><em> &#8221; Sources www.vogue.mx &#8221; <\/em><\/p>\n<p><em> &#8221; Fuentes www.vogue.mx &#8221; <\/em><\/p>\n","protected":false},"excerpt":{"rendered":"<p>Cortes de Cabello Corto: Estilo y Frescura en tu Viaje Cuando uno piensa en viajar, a menudo se imagina paisajes deslumbrantes, culturas vibrantes y nuevas experiencias que enriquecer\u00e1n nuestra vida. Sin embargo, el viaje adecuado tambi\u00e9n es un momento perfecto para explorar nuestra propia imagen y, de una manera simple, un nuevo corte de cabello [&hellip;]<\/p>\n","protected":false},"author":4,"featured_media":940435,"comment_status":"open","ping_status":"closed","sticky":false,"template":"","format":"standard","meta":{"om_disable_all_campaigns":false,"jnews-multi-image_gallery":[],"jnews_single_post":[],"jnews_primary_category":[],"jnews_social_meta":[],"footnotes":""},"categories":[144872],"tags":[3381,208025,212865,200508,39180,212864,212866,201979,201311,177437],"class_list":["post-940434","post","type-post","status-publish","format-standard","has-post-thumbnail","hentry","category-fashion","tag-belleza","tag-bob","tag-cabello-corto","tag-cortes-de-cabello","tag-cuidado-del-cabello","tag-estilo-de-peinados","tag-looks-modernos","tag-moda-capilar","tag-pixie","tag-tendencias-2025"],"_links":{"self":[{"href":"https:\/\/dimensionturistica.com\/es\/wp-json\/wp\/v2\/posts\/940434","targetHints":{"allow":["GET"]}}],"collection":[{"href":"https:\/\/dimensionturistica.com\/es\/wp-json\/wp\/v2\/posts"}],"about":[{"href":"https:\/\/dimensionturistica.com\/es\/wp-json\/wp\/v2\/types\/post"}],"author":[{"embeddable":true,"href":"https:\/\/dimensionturistica.com\/es\/wp-json\/wp\/v2\/users\/4"}],"replies":[{"embeddable":true,"href":"https:\/\/dimensionturistica.com\/es\/wp-json\/wp\/v2\/comments?post=940434"}],"version-history":[{"count":0,"href":"https:\/\/dimensionturistica.com\/es\/wp-json\/wp\/v2\/posts\/940434\/revisions"}],"wp:featuredmedia":[{"embeddable":true,"href":"https:\/\/dimensionturistica.com\/es\/wp-json\/wp\/v2\/media\/940435"}],"wp:attachment":[{"href":"https:\/\/dimensionturistica.com\/es\/wp-json\/wp\/v2\/media?parent=940434"}],"wp:term":[{"taxonomy":"category","embeddable":true,"href":"https:\/\/dimensionturistica.com\/es\/wp-json\/wp\/v2\/categories?post=940434"},{"taxonomy":"post_tag","embeddable":true,"href":"https:\/\/dimensionturistica.com\/es\/wp-json\/wp\/v2\/tags?post=940434"}],"curies":[{"name":"wp","href":"https:\/\/api.w.org\/{rel}","templated":true}]}}