{"id":940367,"date":"2025-03-06T20:00:26","date_gmt":"2025-03-06T20:00:26","guid":{"rendered":"https:\/\/dimensionturistica.com\/es\/?p=940367"},"modified":"2025-03-06T20:00:26","modified_gmt":"2025-03-06T20:00:26","slug":"coleccion-otono-2025-pret-a-porter-de-isabel-marant-tendencias-y-estilo-en-la-pasarela","status":"publish","type":"post","link":"https:\/\/dimensionturistica.com\/es\/coleccion-otono-2025-pret-a-porter-de-isabel-marant-tendencias-y-estilo-en-la-pasarela\/","title":{"rendered":"Colecci\u00f3n Oto\u00f1o 2025 Pr\u00eat-\u00e0-Porter de Isabel Marant: Tendencias y Estilo en la Pasarela"},"content":{"rendered":"<p><strong>Descubriendo el Encanto de Isabel Marant en el Oto\u00f1o de 2025<\/strong><\/p>\n<p>Cuando se habla de la pasarela, hay dise\u00f1adores que logran transformar el contexto de una simple presentaci\u00f3n en una verdadera experiencia sensorial. Isabel Marant, con su inconfundible estilo bohemio y chic parisino, ha demostrado una vez m\u00e1s que su visi\u00f3n de la moda va m\u00e1s all\u00e1 de las tendencias ef\u00edmeras; es una celebraci\u00f3n de la individualidad y la cultura contempor\u00e1nea.<\/p>\n<p>La colecci\u00f3n de oto\u00f1o 2025 nos transporta a un mundo donde la elegancia se fusiona con la comodidad, invitando a cada espectador a so\u00f1ar con su propia versi\u00f3n de lo que significa estar a la moda. La casa de Marant ha logrado conjugar la esencia del esp\u00edritu parisino con un sabor internacional que resuena en cada prenda. La propuesta de este a\u00f1o destaca por su mezcla de texturas y una paleta de colores que oscila entre tonos tierra y vibrantes estallidos de color, record\u00e1ndonos que el oto\u00f1o es un lienzo en constante cambio.<\/p>\n<p>Uno de los aspectos m\u00e1s fascinantes de la colecci\u00f3n es la variada gama de siluetas que ofrece. Desde chaquetas oversize que evocan un aire desenfadado, hasta vestidos fluidos que acarician la figura, cada pieza parece contar una historia \u00fanica. Adem\u00e1s, los detalles como los bordados y las aplicaciones de cuero aportan un toque de sofisticaci\u00f3n sin sacrificar la esencia relajada que caracteriza a la marca.<\/p>\n<p>Al observar las creaciones de Marant, uno no puede evitar sentirse atra\u00eddo por la manera en que ha incorporado elementos de diferentes culturas y \u00e9pocas. Esta colecci\u00f3n es un homenaje a la diversidad, con dise\u00f1os que no s\u00f3lo reflejan una est\u00e9tica, sino que tambi\u00e9n celebran las historias de las ra\u00edces que las inspiran. Los estampados \u00e9tnicos y los cortes asim\u00e9tricos se entrelazan arm\u00f3nicamente, creando un di\u00e1logo entre lo cl\u00e1sico y lo contempor\u00e1neo.<\/p>\n<p>La pasarela, siempre un espacio de espect\u00e1culo, se convirti\u00f3 en un microcosmos de creatividad. Los modelos caminaban como si estuvieran en las calles de Par\u00eds, luciendo no solo ropa, sino tambi\u00e9n una actitud que invita a la autenticidad. Cada paso era un recordatorio de que la moda es, ante todo, una forma de expresi\u00f3n personal. La m\u00fasica y el dise\u00f1o del escenario complementaron la experiencia, creando un entorno inmersivo que reson\u00f3 con la energ\u00eda vibrante de la ciudad.<\/p>\n<p>La colecci\u00f3n tambi\u00e9n ofrece una visi\u00f3n optimista hacia el futuro de la moda, una que abraza la sostenibilidad sin comprometer el estilo. A medida que los consumidores buscan cada vez m\u00e1s opciones responsables, Marant nos demuestra que es posible ser chic y consciente al mismo tiempo. Las elecciones de materiales, as\u00ed como las t\u00e9cnicas de producci\u00f3n, reflejan un compromiso no solo con la est\u00e9tica, sino tambi\u00e9n con el bienestar del planeta.<\/p>\n<p>El mensaje detr\u00e1s de la colecci\u00f3n de Marant es claro: la moda debe ser accesible, divertida y liberadora. Con un enfoque en la versatilidad, la dise\u00f1adora ha creado prendas que pueden ser f\u00e1cilmente adaptadas a diferentes ocasiones, desde un paseo por los Campos El\u00edseos hasta una cita nocturna. Esta flexibilidad es sin duda uno de los sellos distintivos de su estilo, permitiendo que cada quien a\u00f1ada su propia chispa personal a cada look.<\/p>\n<p>En resumen, la colecci\u00f3n de oto\u00f1o 2025 de Isabel Marant es una invitaci\u00f3n a explorar la moda como un viaje personal y cultural. Nos anima a abrazar la individualidad y a celebrar la diversidad a trav\u00e9s de nuestras elecciones estil\u00edsticas. Al final, m\u00e1s que simples prendas, lo que Marant nos ofrece es una oportunidad de autoexpresi\u00f3n, un recordatorio de que, al igual que en la vida, el verdadero estilo proviene de la autenticidad y la pasi\u00f3n. As\u00ed que, ya sea que te encuentres en las bulliciosas calles de una gran ciudad o disfrutando de un tranquilo paseo en el campo, esta colecci\u00f3n es un himno a la belleza del ser uno mismo.<\/p>\n<p><em> &#8221; Sources www.vogue.com &#8221; <\/em><\/p>\n<p><em> &#8221; Fuentes www.vogue.com &#8221; <\/em><\/p>\n","protected":false},"excerpt":{"rendered":"<p>Descubriendo el Encanto de Isabel Marant en el Oto\u00f1o de 2025 Cuando se habla de la pasarela, hay dise\u00f1adores que logran transformar el contexto de una simple presentaci\u00f3n en una verdadera experiencia sensorial. Isabel Marant, con su inconfundible estilo bohemio y chic parisino, ha demostrado una vez m\u00e1s que su visi\u00f3n de la moda va [&hellip;]<\/p>\n","protected":false},"author":4,"featured_media":940368,"comment_status":"open","ping_status":"closed","sticky":false,"template":"","format":"standard","meta":{"om_disable_all_campaigns":false,"jnews-multi-image_gallery":[],"jnews_single_post":[],"jnews_primary_category":[],"jnews_social_meta":[],"footnotes":""},"categories":[144872],"tags":[18839,89166,202779,203747,166,192704,202917,204909,160469,94447,200339,372,6194,202048],"class_list":["post-940367","post","type-post","status-publish","format-standard","has-post-thumbnail","hentry","category-fashion","tag-collection","tag-designer","tag-fall-2025","tag-fall-2025-ready-to-wear","tag-fashion","tag-haute-couture","tag-isabel-marant","tag-paris-fashion-week","tag-ready-to-wear","tag-runway","tag-runway_review","tag-style","tag-trends","tag-womenswear"],"_links":{"self":[{"href":"https:\/\/dimensionturistica.com\/es\/wp-json\/wp\/v2\/posts\/940367","targetHints":{"allow":["GET"]}}],"collection":[{"href":"https:\/\/dimensionturistica.com\/es\/wp-json\/wp\/v2\/posts"}],"about":[{"href":"https:\/\/dimensionturistica.com\/es\/wp-json\/wp\/v2\/types\/post"}],"author":[{"embeddable":true,"href":"https:\/\/dimensionturistica.com\/es\/wp-json\/wp\/v2\/users\/4"}],"replies":[{"embeddable":true,"href":"https:\/\/dimensionturistica.com\/es\/wp-json\/wp\/v2\/comments?post=940367"}],"version-history":[{"count":0,"href":"https:\/\/dimensionturistica.com\/es\/wp-json\/wp\/v2\/posts\/940367\/revisions"}],"wp:featuredmedia":[{"embeddable":true,"href":"https:\/\/dimensionturistica.com\/es\/wp-json\/wp\/v2\/media\/940368"}],"wp:attachment":[{"href":"https:\/\/dimensionturistica.com\/es\/wp-json\/wp\/v2\/media?parent=940367"}],"wp:term":[{"taxonomy":"category","embeddable":true,"href":"https:\/\/dimensionturistica.com\/es\/wp-json\/wp\/v2\/categories?post=940367"},{"taxonomy":"post_tag","embeddable":true,"href":"https:\/\/dimensionturistica.com\/es\/wp-json\/wp\/v2\/tags?post=940367"}],"curies":[{"name":"wp","href":"https:\/\/api.w.org\/{rel}","templated":true}]}}