{"id":94024,"date":"2021-03-11T06:48:44","date_gmt":"2021-03-11T06:48:44","guid":{"rendered":"https:\/\/dimensionturistica.com\/es\/?p=94024"},"modified":"2021-03-11T06:48:44","modified_gmt":"2021-03-11T06:48:44","slug":"inauguran-ampliacion-de-la-linea-3-del-metrobus-en-la-cdmx","status":"publish","type":"post","link":"https:\/\/dimensionturistica.com\/es\/inauguran-ampliacion-de-la-linea-3-del-metrobus-en-la-cdmx\/","title":{"rendered":"Inauguran ampliaci\u00f3n de la L\u00ednea 3 del Metrob\u00fas en la CDMX"},"content":{"rendered":"<p> <br \/>\n<\/p>\n<div>\n<p>Autoridades de la Ciudad de M\u00e9xico dieron el banderazo de salida para el arranque de operaciones de la ampliaci\u00f3n de la L\u00ednea 3 del Metrob\u00fas. El nuevo tramo va de Etiop\u00eda al Pueblo de Santa Cruz Atoyac.<\/p>\n<p>Al visitar el nuevo trayecto, ubicado en la alcald\u00eda Benito Ju\u00e1rez, la jefa de Gobierno, Claudia Sheinbaum Pardo, explic\u00f3 que los objetivos de los trabajos de ampliaci\u00f3n son lograr unir las zonas norte y sur de la capital, tener una mejor conectividad con el Estado de M\u00e9xico (ya que una parte de la ruta est\u00e1 en colindancia con la entidad mexiquense), as\u00ed como seguir integrando todos los sistemas de movilidad.<\/p>\n<p>Expuso que este proyecto tuvo una inversi\u00f3n de 366.4 millones de pesos, y con los recursos se construyeron cinco estaciones adicionales (Luz Savi\u00f1\u00f3n, Eugenia, Divisi\u00f3n del Norte, Miguel Laurent y Pueblo Sta. Cruz Atoyac) a las 37 que ya ten\u00eda.<\/p>\n<p>Por su parte, el secretario de Movilidad, Andr\u00e9s Lajous Loaeza, destac\u00f3 que con la nueva ruta se adicionan 3.6 kil\u00f3metros. Se estima que en estas nuevas paradas se genere un aforo de 13,000 pasajeros diarios.<\/p>\n<p><!-- Composite Start --> <\/p>\n<p>El funcionario reiter\u00f3 que las obras son parte de la estrategia de movilidad integrada; la L\u00ednea 3 logra la conexi\u00f3n con las l\u00edneas 1 y 2 del Metrob\u00fas, 3 y 12 del Metro, 3 del Troleb\u00fas y con el servicio de Ecobici.<\/p>\n<p>El secretario de Obras y Servicios, Jes\u00fas Antonio Esteva Medina, inform\u00f3 que adicionalmente se construyeron seis cruceros seguros con accesibilidad common y se colocaron 12 nuevos sem\u00e1foros peatonales y 48 vehiculares. Tambi\u00e9n, dos bah\u00edas y Senderos Seguros: en Parque de los Venados, Metro Zapata y otro en direcci\u00f3n hacia R\u00edo Churubusco.<\/p>\n<p>\u201cLa intervenci\u00f3n es de cerca de 4,000 plantas de ornato que se sembraron, tambi\u00e9n cerca de 900 luminarias que se sustituyeron a LED, y se est\u00e1n interviniendo fachadas y murales como en todos los Senderos Seguros\u201d, dijo.<\/p>\n<h2>En puerta<\/h2>\n<p>Sheinbaum Pardo precis\u00f3 que por ahora estos ser\u00e1n los \u00faltimos trabajos de ampliaci\u00f3n para la L\u00ednea 3 del Metrob\u00fas, pero record\u00f3 que est\u00e1n por iniciar las obras para la L\u00ednea 4 Buenavista-San L\u00e1zaro-Aeropuerto Terminales 1 y 2, que llegar\u00e1 hasta el Metro Pantitl\u00e1n.<\/p>\n<p>Record\u00f3 que la \u00fanica L\u00ednea nueva completa del Metrob\u00fas que realizar\u00e1n es la Cero, que dar\u00e1 toda la vuelta al Circuito Inside y se conectar\u00e1 con todas las l\u00edneas del Metrob\u00fas y del Metro.<\/p>\n<p>\u201cLa \u00fanica L\u00ednea nueva, completa, que vamos a hacer el pr\u00f3ximo a\u00f1o es la L\u00ednea Cero, que es la l\u00ednea que va a dar toda la vuelta sobre Circuito Interior, por eso le llamamos la L\u00ednea Cero, y que va a permitir la conectividad entre las distintas l\u00edneas de Metrob\u00fas y las l\u00edneas del Metro de la Ciudad de M\u00e9xico\u201d, pronunci\u00f3.<\/p>\n<p><a rel=\"nofollow noopener\" target=\"_blank\" href=\"https:\/\/www.eleconomista.com.mx\/estados\/mailto:estados@eleconomista.mx\">estados@eleconomista.mx<\/a><\/p>\n<p>\t\t\t\t\t\t\t\t\t<!-- Composite Start -->   <!-- Composite End -->\n\t\t\t\t\t\t\t\t\t<\/div>\n<p><script>\n!function(f,b,e,v,n,t,s)\n{if(f.fbq)return;n=f.fbq=function(){n.callMethod?\nn.callMethod.apply(n,arguments):n.queue.push(arguments)};\nif(!f._fbq)f._fbq=n;n.push=n;n.loaded=!0;n.version='2.0';\nn.queue=[];t=b.createElement(e);t.async=!0;\nt.src=v;s=b.getElementsByTagName(e)[0];\ns.parentNode.insertBefore(t,s)}(window,document,'script',\n'https:\/\/connect.facebook.net\/en_US\/fbevents.js');\n fbq('init', '809027795973656'); \nfbq('track', 'PageView');\n<\/script><script>\n!function(f,b,e,v,n,t,s)\n{if(f.fbq)return;n=f.fbq=function(){n.callMethod?\nn.callMethod.apply(n,arguments):n.queue.push(arguments)};\nif(!f._fbq)f._fbq=n;n.push=n;n.loaded=!0;n.version='2.0';\nn.queue=[];t=b.createElement(e);t.async=!0;\nt.src=v;s=b.getElementsByTagName(e)[0];\ns.parentNode.insertBefore(t,s)}(window,document,'script',\n'https:\/\/connect.facebook.net\/en_US\/fbevents.js');\nfbq('init', '307764907300134');\nfbq('track', 'PageView');\n<\/script><br \/>\n<br \/><\/p>\n<p><em> &#8221; Fuentes www.eleconomista.com.mx &#8221; <\/em><\/p>\n","protected":false},"excerpt":{"rendered":"<p>Autoridades de la Ciudad de M\u00e9xico dieron el banderazo de salida para el arranque de operaciones de la ampliaci\u00f3n de la L\u00ednea 3 del Metrob\u00fas. El nuevo tramo va de Etiop\u00eda al Pueblo de Santa Cruz Atoyac. Al visitar el nuevo trayecto, ubicado en la alcald\u00eda Benito Ju\u00e1rez, la jefa de Gobierno, Claudia Sheinbaum Pardo, [&hellip;]<\/p>\n","protected":false},"author":4,"featured_media":94025,"comment_status":"open","ping_status":"closed","sticky":false,"template":"","format":"standard","meta":{"om_disable_all_campaigns":false,"jnews-multi-image_gallery":[],"jnews_single_post":[],"jnews_primary_category":[],"jnews_social_meta":[],"footnotes":""},"categories":[41],"tags":[],"class_list":["post-94024","post","type-post","status-publish","format-standard","has-post-thumbnail","hentry","category-cruceros"],"_links":{"self":[{"href":"https:\/\/dimensionturistica.com\/es\/wp-json\/wp\/v2\/posts\/94024","targetHints":{"allow":["GET"]}}],"collection":[{"href":"https:\/\/dimensionturistica.com\/es\/wp-json\/wp\/v2\/posts"}],"about":[{"href":"https:\/\/dimensionturistica.com\/es\/wp-json\/wp\/v2\/types\/post"}],"author":[{"embeddable":true,"href":"https:\/\/dimensionturistica.com\/es\/wp-json\/wp\/v2\/users\/4"}],"replies":[{"embeddable":true,"href":"https:\/\/dimensionturistica.com\/es\/wp-json\/wp\/v2\/comments?post=94024"}],"version-history":[{"count":0,"href":"https:\/\/dimensionturistica.com\/es\/wp-json\/wp\/v2\/posts\/94024\/revisions"}],"wp:featuredmedia":[{"embeddable":true,"href":"https:\/\/dimensionturistica.com\/es\/wp-json\/wp\/v2\/media\/94025"}],"wp:attachment":[{"href":"https:\/\/dimensionturistica.com\/es\/wp-json\/wp\/v2\/media?parent=94024"}],"wp:term":[{"taxonomy":"category","embeddable":true,"href":"https:\/\/dimensionturistica.com\/es\/wp-json\/wp\/v2\/categories?post=94024"},{"taxonomy":"post_tag","embeddable":true,"href":"https:\/\/dimensionturistica.com\/es\/wp-json\/wp\/v2\/tags?post=94024"}],"curies":[{"name":"wp","href":"https:\/\/api.w.org\/{rel}","templated":true}]}}