{"id":94015,"date":"2021-03-11T06:32:11","date_gmt":"2021-03-11T06:32:11","guid":{"rendered":"https:\/\/dimensionturistica.com\/es\/?p=94015"},"modified":"2021-03-11T06:32:11","modified_gmt":"2021-03-11T06:32:11","slug":"federal-a-lucas-navarro-el-nuevo-refuerzo-de-crucero","status":"publish","type":"post","link":"https:\/\/dimensionturistica.com\/es\/federal-a-lucas-navarro-el-nuevo-refuerzo-de-crucero\/","title":{"rendered":"Federal A: Lucas Navarro, el nuevo refuerzo de Crucero"},"content":{"rendered":"<p> <br \/>\n<\/p>\n<p>\n<span class=\"fecha\">jueves 11 de marzo de 2021 | 3:15hs.<\/span>\n<\/p>\n<div>\n<p>Crucero se prepara para el inicio del torneo Federal A, que pas\u00f3 para abril y sin fecha definida, y anunci\u00f3 a un nuevo refuerzo.<\/p>\n<p>Lucas Navarro se incorpor\u00f3 al Colectivero y ya entren\u00f3 con sus nuevos compa\u00f1eros.<\/p>\n<p>El defensor de 29 a\u00f1os lleg\u00f3 desde Argentinos de C\u00f3rdoba y tuvo pasos por Instituto y Racing de esa provincia.<\/p>\n<p>\u201cSoy un defensor que se adapta a los esquemas, que le gusta salir jugando y tener la pelota\u201d, se present\u00f3 Navarro y asegur\u00f3 que \u201cno tengo dudas de que vamos a dar pelea\u201d.<\/p>\n<\/div>\n<p><script async>\n   function toogleSeachBar() {\n      if ($('#searchBar').is(\":visible\")) {\n         hideSearchBar();\n      } else {\n         showSearchBar();\n      }\n   }\n   function showSearchBar() {\n      $('#searchBar').show();\n      $('#menu, .header-scrolled-container, .header-scrolled-container2').hide();\n   }\n   function hideSearchBar() {\n      $('#searchBar').hide();\n      $('#menu, .header-scrolled-container, .header-scrolled-container2').show();\n   }\n      $(document).ready(function () {\n         setTimeout(() => {\n            window.fbAsyncInit = function () {\n               FB.init({\n                  appId: '345424459172777',\n                  autoLogAppEvents: true,\n                  xfbml: true,\n                  version: 'v8.0'\n               });\n            };\n            (function (d, s, id) {\n               var js, fjs = d.getElementsByTagName(s)[0];\n               if (d.getElementById(id)) { return; }\n               js = d.createElement(s); js.id = id;\n               js.src = \"https:\/\/connect.facebook.net\/es_LA\/sdk.js\";\n               fjs.parentNode.insertBefore(js, fjs);\n            }(document, 'script', 'facebook-jssdk'));\n         }, 3000);\n      });\n<\/script><br \/>\n<br \/><\/p>\n<p><em> &#8221; Fuentes www.elterritorio.com.ar &#8221; <\/em><\/p>\n","protected":false},"excerpt":{"rendered":"<p>jueves 11 de marzo de 2021 | 3:15hs. Crucero se prepara para el inicio del torneo Federal A, que pas\u00f3 para abril y sin fecha definida, y anunci\u00f3 a un nuevo refuerzo. Lucas Navarro se incorpor\u00f3 al Colectivero y ya entren\u00f3 con sus nuevos compa\u00f1eros. El defensor de 29 a\u00f1os lleg\u00f3 desde Argentinos de C\u00f3rdoba [&hellip;]<\/p>\n","protected":false},"author":4,"featured_media":94016,"comment_status":"open","ping_status":"closed","sticky":false,"template":"","format":"standard","meta":{"om_disable_all_campaigns":false,"jnews-multi-image_gallery":[],"jnews_single_post":[],"jnews_primary_category":[],"jnews_social_meta":[],"footnotes":""},"categories":[41],"tags":[],"class_list":["post-94015","post","type-post","status-publish","format-standard","has-post-thumbnail","hentry","category-cruceros"],"_links":{"self":[{"href":"https:\/\/dimensionturistica.com\/es\/wp-json\/wp\/v2\/posts\/94015","targetHints":{"allow":["GET"]}}],"collection":[{"href":"https:\/\/dimensionturistica.com\/es\/wp-json\/wp\/v2\/posts"}],"about":[{"href":"https:\/\/dimensionturistica.com\/es\/wp-json\/wp\/v2\/types\/post"}],"author":[{"embeddable":true,"href":"https:\/\/dimensionturistica.com\/es\/wp-json\/wp\/v2\/users\/4"}],"replies":[{"embeddable":true,"href":"https:\/\/dimensionturistica.com\/es\/wp-json\/wp\/v2\/comments?post=94015"}],"version-history":[{"count":0,"href":"https:\/\/dimensionturistica.com\/es\/wp-json\/wp\/v2\/posts\/94015\/revisions"}],"wp:featuredmedia":[{"embeddable":true,"href":"https:\/\/dimensionturistica.com\/es\/wp-json\/wp\/v2\/media\/94016"}],"wp:attachment":[{"href":"https:\/\/dimensionturistica.com\/es\/wp-json\/wp\/v2\/media?parent=94015"}],"wp:term":[{"taxonomy":"category","embeddable":true,"href":"https:\/\/dimensionturistica.com\/es\/wp-json\/wp\/v2\/categories?post=94015"},{"taxonomy":"post_tag","embeddable":true,"href":"https:\/\/dimensionturistica.com\/es\/wp-json\/wp\/v2\/tags?post=94015"}],"curies":[{"name":"wp","href":"https:\/\/api.w.org\/{rel}","templated":true}]}}