{"id":93996,"date":"2021-03-11T05:20:28","date_gmt":"2021-03-11T05:20:28","guid":{"rendered":"https:\/\/dimensionturistica.com\/es\/?p=93996"},"modified":"2021-03-11T05:20:28","modified_gmt":"2021-03-11T05:20:28","slug":"nuevo-laredo-donara-20-mil-cubrebocas","status":"publish","type":"post","link":"https:\/\/dimensionturistica.com\/es\/nuevo-laredo-donara-20-mil-cubrebocas\/","title":{"rendered":"Nuevo Laredo donar\u00e1 20 mil cubrebocas"},"content":{"rendered":"<p> <br \/>\n<\/p>\n<div>\n<p><strong>TAMAULIPAS<\/strong>.- El gobierno municipal trabajar\u00e1 en coordinaci\u00f3n con la Universidad Aut\u00f3noma de Tamaulipas (UAT), y la Universidad Tecnol\u00f3gica (UT), en la donaci\u00f3n de cubrebocas en los cruceros de la ciudad.<\/p>\n<p>En reuni\u00f3n digital del Comit\u00e9 de Salud Municipal, el alcalde Arturo Sanmiguel Cant\u00fa se\u00f1al\u00f3 que esta actividad iniciar\u00e1 el 16 de marzo para concientizar a\u00fan m\u00e1s a la ciudadan\u00eda en las medidas sanitarias y en prevenci\u00f3n del contagios por Covid-19.<\/p>\n<p>\u201cEstos alumnos estar\u00e1n en los cruceros con lonas que tendr\u00e1n algunos mensajes de cuidado, vamos a regalar alrededor de 20 mil cubrebocas para el ciudadano que no tenga, va a ser m\u00e1s que todo de convencer al ciudadano que no nos descuidemos y que hay que seguir con los protocolos de salud\u201d, destac\u00f3.<\/p>\n<p>Refiri\u00f3 que aunque la tendencia de infectados de Covid-19 ha sido baja esta \u00faltima semana, no se deben relajar las medidas y la ciudadan\u00eda debe continuar con el uso de mascarilla, gel antibacterial y lavado constante de manos.<\/p>\n<figure class=\"wp-block-video\"><video controls=\"\" src=\"https:\/\/posta.com.mx\/wp-content\/uploads\/2021\/03\/WhatsApp-Video-2021-03-10-at-8.22.53-PM.mp4\"\/><\/figure>\n<\/p><\/div>\n\n<p><em> &#8221; Fuentes posta.com.mx &#8221; <\/em><\/p>\n","protected":false},"excerpt":{"rendered":"<p>TAMAULIPAS.- El gobierno municipal trabajar\u00e1 en coordinaci\u00f3n con la Universidad Aut\u00f3noma de Tamaulipas (UAT), y la Universidad Tecnol\u00f3gica (UT), en la donaci\u00f3n de cubrebocas en los cruceros de la ciudad. En reuni\u00f3n digital del Comit\u00e9 de Salud Municipal, el alcalde Arturo Sanmiguel Cant\u00fa se\u00f1al\u00f3 que esta actividad iniciar\u00e1 el 16 de marzo para concientizar a\u00fan [&hellip;]<\/p>\n","protected":false},"author":4,"featured_media":93997,"comment_status":"open","ping_status":"closed","sticky":false,"template":"","format":"standard","meta":{"om_disable_all_campaigns":false,"jnews-multi-image_gallery":[],"jnews_single_post":[],"jnews_primary_category":[],"jnews_social_meta":[],"footnotes":""},"categories":[41],"tags":[],"class_list":["post-93996","post","type-post","status-publish","format-standard","has-post-thumbnail","hentry","category-cruceros"],"_links":{"self":[{"href":"https:\/\/dimensionturistica.com\/es\/wp-json\/wp\/v2\/posts\/93996","targetHints":{"allow":["GET"]}}],"collection":[{"href":"https:\/\/dimensionturistica.com\/es\/wp-json\/wp\/v2\/posts"}],"about":[{"href":"https:\/\/dimensionturistica.com\/es\/wp-json\/wp\/v2\/types\/post"}],"author":[{"embeddable":true,"href":"https:\/\/dimensionturistica.com\/es\/wp-json\/wp\/v2\/users\/4"}],"replies":[{"embeddable":true,"href":"https:\/\/dimensionturistica.com\/es\/wp-json\/wp\/v2\/comments?post=93996"}],"version-history":[{"count":0,"href":"https:\/\/dimensionturistica.com\/es\/wp-json\/wp\/v2\/posts\/93996\/revisions"}],"wp:featuredmedia":[{"embeddable":true,"href":"https:\/\/dimensionturistica.com\/es\/wp-json\/wp\/v2\/media\/93997"}],"wp:attachment":[{"href":"https:\/\/dimensionturistica.com\/es\/wp-json\/wp\/v2\/media?parent=93996"}],"wp:term":[{"taxonomy":"category","embeddable":true,"href":"https:\/\/dimensionturistica.com\/es\/wp-json\/wp\/v2\/categories?post=93996"},{"taxonomy":"post_tag","embeddable":true,"href":"https:\/\/dimensionturistica.com\/es\/wp-json\/wp\/v2\/tags?post=93996"}],"curies":[{"name":"wp","href":"https:\/\/api.w.org\/{rel}","templated":true}]}}