{"id":939918,"date":"2025-03-05T23:54:00","date_gmt":"2025-03-05T23:54:00","guid":{"rendered":"https:\/\/dimensionturistica.com\/es\/?p=939918"},"modified":"2025-03-05T23:54:00","modified_gmt":"2025-03-05T23:54:00","slug":"explorando-el-escondite-de-ademuz-de-candel","status":"publish","type":"post","link":"https:\/\/dimensionturistica.com\/es\/explorando-el-escondite-de-ademuz-de-candel\/","title":{"rendered":"Explorando el Escondite de Ademuz, de Candel"},"content":{"rendered":"<p><strong>Explorando el Rinc\u00f3n de Ademuz: Un Viaje a trav\u00e9s de la Historia y la Naturaleza<\/strong><\/p>\n<p>Situado en un enclave privilegiado entre monta\u00f1as y valles f\u00e9rtiles, el Rinc\u00f3n de Ademuz ofrece una oportunidad \u00fanica para aquellos que buscan escapar del bullicio de las ciudades. Esta joya escondida, ubicada en la provincia de Valencia, es un rinc\u00f3n que combina la belleza natural con un rico patrimonio cultural.<\/p>\n<h3>Un Paisaje que Cautiva<\/h3>\n<p>Al llegar al Rinc\u00f3n de Ademuz, los viajeros son recibidos por un paisaje deslumbrante. Las monta\u00f1as que rodean la zona crean un tel\u00f3n de fondo impresionante, mientras que los r\u00edos que serpentean por el valle a\u00f1aden un toque de frescura al ambiente. Este escenario, de belleza serena, invita a disfrutar de actividades al aire libre como el senderismo, la observaci\u00f3n de aves y la fotograf\u00eda. Cada paseo por sus senderos es una nueva oportunidad para descubrir la flora y fauna aut\u00f3ctona, donde la paz del entorno permite desconectar y recargar energ\u00edas.<\/p>\n<h3>Un Viaje al Pasado<\/h3>\n<p>Pero el Rinc\u00f3n de Ademuz no es solo naturaleza; su historia est\u00e1 entrelazada con cada rinc\u00f3n. Las construcciones tradicionales, muchas de ellas preservadas en \u00f3ptimas condiciones, cuentan historias de antiguas civilizaciones que habitaron estas tierras. Los pueblos de la zona, como Ademuz y su entorno, est\u00e1n repletos de arquitectura mud\u00e9jar y g\u00f3tica, lo que les confiere un car\u00e1cter distintivo que atrae a los amantes de la historia y el arte.<\/p>\n<p>El casco antiguo de Ademuz, con sus calles empedradas y casas de piedra, ofrece una inmersi\u00f3n en el pasado. La iglesia del Salvador y el castillo son paradas obligatorias que narran la historia medieval de la regi\u00f3n. As\u00ed, los visitantes pueden imaginar la vida en tiempos pasados, cuando el Rinc\u00f3n era un lugar estrat\u00e9gico rodeado de historia.<\/p>\n<h3>Gastronom\u00eda Aut\u00f3ctona<\/h3>\n<p>La experiencia en el Rinc\u00f3n de Ademuz tambi\u00e9n se completa con su oferta gastron\u00f3mica. Los platos t\u00edpicos, elaborados con ingredientes de la huerta local, son un fest\u00edn para los sentidos. La comida en esta regi\u00f3n destaca por su frescura y autenticidad, con recetas transmitidas de generaci\u00f3n en generaci\u00f3n. La olla de carne y las empanadas son solo algunos ejemplos de la rica tradici\u00f3n culinaria que se puede disfrutar en sus restaurantes y tabernas.<\/p>\n<h3>Un Destino por Descubrir<\/h3>\n<p>A medida que el turismo rural gana popularidad, el Rinc\u00f3n de Ademuz se posiciona como un destino que merece ser descubierto antes de que se llene de visitantes. Su mezcla de naturaleza, historia y gastronom\u00eda presenta un atractivo irresistible tanto para los aventureros como para aquellos que buscan un retiro tranquilo.<\/p>\n<p>En un mundo donde la desconexi\u00f3n es cada vez m\u00e1s necesaria, el Rinc\u00f3n de Ademuz se presenta como un refugio. Cada rinc\u00f3n tiene una historia que contar, cada sendero una nueva experiencia por vivir. Para quienes se atrevan a explorar este destino, la promesa de un viaje inolvidable es una recompensa segura. La posibilidad de disfrutar de la belleza natural y el legado cultural de esta regi\u00f3n es un recordatorio de que a veces, las mejores aventuras se encuentran en los lugares m\u00e1s inesperados. \u00a1Te invitamos a descubrir el Rinc\u00f3n de Ademuz y sumergirte en su magia!<\/p>\n<p><em> &#8221; Sources www.zendalibros.com &#8221; <\/em><\/p>\n<p><em> &#8221; Fuentes www.zendalibros.com &#8221; <\/em><\/p>\n","protected":false},"excerpt":{"rendered":"<p>Explorando el Rinc\u00f3n de Ademuz: Un Viaje a trav\u00e9s de la Historia y la Naturaleza Situado en un enclave privilegiado entre monta\u00f1as y valles f\u00e9rtiles, el Rinc\u00f3n de Ademuz ofrece una oportunidad \u00fanica para aquellos que buscan escapar del bullicio de las ciudades. Esta joya escondida, ubicada en la provincia de Valencia, es un rinc\u00f3n [&hellip;]<\/p>\n","protected":false},"author":4,"featured_media":939919,"comment_status":"open","ping_status":"closed","sticky":false,"template":"","format":"standard","meta":{"om_disable_all_campaigns":false,"jnews-multi-image_gallery":[],"jnews_single_post":[],"jnews_primary_category":[],"jnews_social_meta":[],"footnotes":""},"categories":[39],"tags":[13687,212683,662,1228,56308,2189,212682,544,681],"class_list":["post-939918","post","type-post","status-publish","format-standard","has-post-thumbnail","hentry","category-viajes","tag-aventura","tag-candel","tag-cultura","tag-destinos","tag-exploracion","tag-naturaleza","tag-rincon-de-ademuz","tag-turismo","tag-viaje"],"_links":{"self":[{"href":"https:\/\/dimensionturistica.com\/es\/wp-json\/wp\/v2\/posts\/939918","targetHints":{"allow":["GET"]}}],"collection":[{"href":"https:\/\/dimensionturistica.com\/es\/wp-json\/wp\/v2\/posts"}],"about":[{"href":"https:\/\/dimensionturistica.com\/es\/wp-json\/wp\/v2\/types\/post"}],"author":[{"embeddable":true,"href":"https:\/\/dimensionturistica.com\/es\/wp-json\/wp\/v2\/users\/4"}],"replies":[{"embeddable":true,"href":"https:\/\/dimensionturistica.com\/es\/wp-json\/wp\/v2\/comments?post=939918"}],"version-history":[{"count":0,"href":"https:\/\/dimensionturistica.com\/es\/wp-json\/wp\/v2\/posts\/939918\/revisions"}],"wp:featuredmedia":[{"embeddable":true,"href":"https:\/\/dimensionturistica.com\/es\/wp-json\/wp\/v2\/media\/939919"}],"wp:attachment":[{"href":"https:\/\/dimensionturistica.com\/es\/wp-json\/wp\/v2\/media?parent=939918"}],"wp:term":[{"taxonomy":"category","embeddable":true,"href":"https:\/\/dimensionturistica.com\/es\/wp-json\/wp\/v2\/categories?post=939918"},{"taxonomy":"post_tag","embeddable":true,"href":"https:\/\/dimensionturistica.com\/es\/wp-json\/wp\/v2\/tags?post=939918"}],"curies":[{"name":"wp","href":"https:\/\/api.w.org\/{rel}","templated":true}]}}