{"id":939281,"date":"2025-03-05T04:03:26","date_gmt":"2025-03-05T04:03:26","guid":{"rendered":"https:\/\/dimensionturistica.com\/es\/?p=939281"},"modified":"2025-03-05T04:03:26","modified_gmt":"2025-03-05T04:03:26","slug":"rita-ora-y-las-deslumbrantes-joyas-vintage-de-tous-que-brillaron-en-la-fiesta-posterior-de-vanity-fair-2025","status":"publish","type":"post","link":"https:\/\/dimensionturistica.com\/es\/rita-ora-y-las-deslumbrantes-joyas-vintage-de-tous-que-brillaron-en-la-fiesta-posterior-de-vanity-fair-2025\/","title":{"rendered":"Rita Ora y las deslumbrantes joyas vintage de TOUS que brillaron en la fiesta posterior de Vanity Fair 2025."},"content":{"rendered":"<h3>Glamour y Joyas: Un Encuentro Brillante en el Coraz\u00f3n de la Ciudad<\/h3>\n<p>La noche del glamour se adue\u00f1\u00f3 de la ciudad al celebrarse el esperado after party de Vanity Fair despu\u00e9s de una de las galas m\u00e1s importantes del a\u00f1o. Este evento, conocido por reunir a celebridades de todo el mundo, se convirti\u00f3 en un escenario deslumbrante donde la moda y el lujo se entrelazaron en cada rinc\u00f3n. Entre las personalidades m\u00e1s destacadas de la velada, la cantante y actriz Rita Ora logr\u00f3 deslumbrar no solo por su presencia, sino tambi\u00e9n por las joyas de Tous que adornaban su look, un verdadero s\u00edmbolo de elegancia y sofisticaci\u00f3n.<\/p>\n<p>En una atm\u00f3sfera cargada de energ\u00eda y estilo, los asistentes se sintieron cautivados por la exquisita colecci\u00f3n de joyas que Tous present\u00f3 esa noche. Cada pieza, dise\u00f1ada meticulosamente, contaba una historia que evocaba la creatividad y la herencia de la marca. Con una combinaci\u00f3n de modernidad y tradici\u00f3n, las joyas no solo complementaban los atuendos de los invitados, sino que tambi\u00e9n se convert\u00edan en protagonistas de la velada.<\/p>\n<p>Rita Ora, conocida por su estilo audaz y su capacidad para marcar tendencias, no decepcion\u00f3. Con un vestido que reflejaba su personalidad vibrante, las joyas de Tous se posaron sobre ella como un marco perfecto, destacando cada uno de sus movimientos. La elecci\u00f3n de piezas repletas de brillo y car\u00e1cter ten\u00eda un prop\u00f3sito: no solo eran adornos, eran declaraciones de intenciones. Cada collar, pulsera y par de pendientes llevaban consigo una carga emocional que trascend\u00eda la simple est\u00e9tica.<\/p>\n<p>El after party se convirti\u00f3 en el escenario perfecto para que los asistentes, desde \u00edconos de la m\u00fasica hasta referentes de la moda, se despegaran del bullicio y la formalidad de la gala. La decoraci\u00f3n cuidada y la atm\u00f3sfera \u00edntima permitieron que los invitados se relajaran, compartieran risas y se deleitaran en un ambiente de camarader\u00eda. En este contexto, las joyas de Tous brillaron no solo por su aspecto f\u00edsico, sino tambi\u00e9n por el sentido de pertenencia y conexi\u00f3n que crearon entre los presentes.<\/p>\n<p>El evento destac\u00f3 la importancia de las joyas en grandes ocasiones, no solo como un accesorio, sino como un medio de expresi\u00f3n personal y estilo. A medida que la noche avanzaba, las conversaciones giraban en torno a las tendencias que se avecinaban, y un sentimiento general de admiraci\u00f3n rein\u00f3 en el ambiente. Las joyas llevadas por las celebridades se convirtieron en temas de conversaci\u00f3n, inspirando a muchos que so\u00f1aban con tener un rinc\u00f3n del mismo lujo en sus vidas cotidianas.<\/p>\n<p>As\u00ed, esta noche resplandeciente demostr\u00f3 que la moda y el arte de las joyas pueden ir de la mano, creando momentos inolvidables y experiencias que quedan grabadas en la memoria. Al final, los asistentes no solo se llevaron consigo el brillo de las joyas, sino tambi\u00e9n la promesa de que la moda es un mundo sin fronteras, donde cada uno tiene la oportunidad de brillar a su manera. En este sentido, el after party de Vanity Fair, con la elegancia de Tous como tel\u00f3n de fondo, se convirti\u00f3 en una celebraci\u00f3n inolvidable del estilo y la creatividad que vivir\u00e1n en el recuerdo de quienes tuvieron la fortuna de participar.<\/p>\n<p><em> &#8221; Sources www.vogue.mx &#8221; <\/em><\/p>\n<p><em> &#8221; Fuentes www.vogue.mx &#8221; <\/em><\/p>\n","protected":false},"excerpt":{"rendered":"<p>Glamour y Joyas: Un Encuentro Brillante en el Coraz\u00f3n de la Ciudad La noche del glamour se adue\u00f1\u00f3 de la ciudad al celebrarse el esperado after party de Vanity Fair despu\u00e9s de una de las galas m\u00e1s importantes del a\u00f1o. Este evento, conocido por reunir a celebridades de todo el mundo, se convirti\u00f3 en un [&hellip;]<\/p>\n","protected":false},"author":4,"featured_media":939282,"comment_status":"open","ping_status":"closed","sticky":false,"template":"","format":"standard","meta":{"om_disable_all_campaigns":false,"jnews-multi-image_gallery":[],"jnews_single_post":[],"jnews_primary_category":[],"jnews_social_meta":[],"footnotes":""},"categories":[144872],"tags":[202916,212502,6446,7758,724,5516,2096,659,212500,212501,210710,212503],"class_list":["post-939281","post","type-post","status-publish","format-standard","has-post-thumbnail","hentry","category-fashion","tag-after-party","tag-archivo-historico","tag-celebridades","tag-estilo","tag-eventos","tag-joyas","tag-lujo","tag-moda","tag-rita-ora","tag-tous","tag-vanity-fair","tag-vanity-fair-2025"],"_links":{"self":[{"href":"https:\/\/dimensionturistica.com\/es\/wp-json\/wp\/v2\/posts\/939281","targetHints":{"allow":["GET"]}}],"collection":[{"href":"https:\/\/dimensionturistica.com\/es\/wp-json\/wp\/v2\/posts"}],"about":[{"href":"https:\/\/dimensionturistica.com\/es\/wp-json\/wp\/v2\/types\/post"}],"author":[{"embeddable":true,"href":"https:\/\/dimensionturistica.com\/es\/wp-json\/wp\/v2\/users\/4"}],"replies":[{"embeddable":true,"href":"https:\/\/dimensionturistica.com\/es\/wp-json\/wp\/v2\/comments?post=939281"}],"version-history":[{"count":0,"href":"https:\/\/dimensionturistica.com\/es\/wp-json\/wp\/v2\/posts\/939281\/revisions"}],"wp:featuredmedia":[{"embeddable":true,"href":"https:\/\/dimensionturistica.com\/es\/wp-json\/wp\/v2\/media\/939282"}],"wp:attachment":[{"href":"https:\/\/dimensionturistica.com\/es\/wp-json\/wp\/v2\/media?parent=939281"}],"wp:term":[{"taxonomy":"category","embeddable":true,"href":"https:\/\/dimensionturistica.com\/es\/wp-json\/wp\/v2\/categories?post=939281"},{"taxonomy":"post_tag","embeddable":true,"href":"https:\/\/dimensionturistica.com\/es\/wp-json\/wp\/v2\/tags?post=939281"}],"curies":[{"name":"wp","href":"https:\/\/api.w.org\/{rel}","templated":true}]}}