{"id":939043,"date":"2025-03-04T20:22:01","date_gmt":"2025-03-04T20:22:01","guid":{"rendered":"https:\/\/dimensionturistica.com\/es\/?p=939043"},"modified":"2025-03-04T20:22:01","modified_gmt":"2025-03-04T20:22:01","slug":"todo-lo-que-debes-saber-sobre-los-perfumes-para-el-cabello-y-nuestros-aromas-preferidos","status":"publish","type":"post","link":"https:\/\/dimensionturistica.com\/es\/todo-lo-que-debes-saber-sobre-los-perfumes-para-el-cabello-y-nuestros-aromas-preferidos\/","title":{"rendered":"Todo lo que Debes Saber sobre los Perfumes para el Cabello\u2014Y Nuestros Aromas Preferidos"},"content":{"rendered":"<h3>La Fragancia que Acompa\u00f1a tus Viajes: El Perfume para el Cabello<\/h3>\n<p>Cuando se trata de viajar, muchas veces se piensa en las maletas, los pasaportes y las reservas, pero hay un detalle sutil que puede elevar la experiencia: el aroma. En este sentido, el perfume para el cabello ha ido ganando protagonismo como un complemento esencial para quienes desean no solo oler bien, sino tambi\u00e9n crear recuerdos olfativos imborrables en cada aventura.<\/p>\n<p>Viajar puede ser impredecible; las emociones y escenarios cambian con cada kil\u00f3metro recorrido. Pero hay algo innegablemente especial en asociar una fragancia con un momento. El perfume para el cabello permite capturar la esencia de un destino, ya sea la brisa marina de una playa caribe\u00f1a o la frescura de un jard\u00edn en plena primavera. Al aplicar este tipo de fragancia, las hebras de tu cabello se convierten en portadoras de memorias, evocando sentimientos de nostalgia cada vez que el aroma se libera al viento.<\/p>\n<p>Uno de los grandes beneficios del perfume para el cabello es su duraci\u00f3n. A diferencia de otras fragancias que pueden desvanecerse r\u00e1pidamente, estas f\u00f3rmulas est\u00e1n dise\u00f1adas para perdurar en el tiempo, resistiendo incluso las condiciones m\u00e1s adversas que a veces enfrentan los viajeros. As\u00ed, tras un largo d\u00eda explorando las calles de una ciudad antigua, puedes seguir disfrutando de la frescura de tu elecci\u00f3n olfativa cuando te sientes a cenar o te preparas para una noche de diversi\u00f3n.<\/p>\n<p>La elecci\u00f3n del aroma es fundamental y personal. Existen diversas opciones que van desde las fragancias florales y afrutadas hasta las m\u00e1s orientales y amaderadas. Cada aroma evoca diferentes emociones y puede traducir momentos de alegr\u00eda, relajaci\u00f3n o aventura. Un ligero toque de lavanda puede recordar a un tranquilo paseo por los campos de Provenza, mientras que un aroma a coco puede transportarte instant\u00e1neamente a una escapada tropical.<\/p>\n<p>No obstante, el perfume para el cabello no es solo una cuesti\u00f3n de est\u00e9tica; tambi\u00e9n se trata de autocuidado. Muchos productos est\u00e1n enriquecidos con ingredientes nutritivos que ayudan a mantener la salud del cabello. Esto es especialmente relevante para quienes suelen exponer sus cabellos a condiciones extremas, ya sea por el sol radiante de una playa o por el clima seco de un desierto. Con cada aplicaci\u00f3n, no solo estar\u00e1s perfumando tu cabello, sino tambi\u00e9n proporcion\u00e1ndole un tratamiento ligero que lo proteger\u00e1 y lo mantendr\u00e1 radiante.<\/p>\n<p>Al empacar para tu pr\u00f3ximo viaje, no olvides incluir este peque\u00f1o lujo que puede marcar la diferencia. Imagina regresar a casa y que, al agitar el cabello, una brisa suave te devuelva instant\u00e1neamente a ese rinc\u00f3n del mundo donde te sentiste verdaderamente libre. Los aromas tienen un poder inigualable para transportarnos a lugares, y elige bien tu perfume para el cabello puede ser la clave para hacer de tus viajes experiencias inolvidables.<\/p>\n<p>As\u00ed que la pr\u00f3xima vez que planifiques una escapada, no subestimes el poder de la fragancia. Deja que tu viaje no solo sea visual, sino tambi\u00e9n un deleite para el sentido del olfato, y transforma cada aventura en una experiencia multidimensional que permanezca contigo mucho despu\u00e9s de que regreses a casa.<\/p>\n<p><em> &#8221; Sources www.vogue.com &#8221; <\/em><\/p>\n<p><em> &#8221; Fuentes www.vogue.com &#8221; <\/em><\/p>\n","protected":false},"excerpt":{"rendered":"<p>La Fragancia que Acompa\u00f1a tus Viajes: El Perfume para el Cabello Cuando se trata de viajar, muchas veces se piensa en las maletas, los pasaportes y las reservas, pero hay un detalle sutil que puede elevar la experiencia: el aroma. En este sentido, el perfume para el cabello ha ido ganando protagonismo como un complemento [&hellip;]<\/p>\n","protected":false},"author":4,"featured_media":939044,"comment_status":"open","ping_status":"closed","sticky":false,"template":"","format":"standard","meta":{"om_disable_all_campaigns":false,"jnews-multi-image_gallery":[],"jnews_single_post":[],"jnews_primary_category":[],"jnews_social_meta":[],"footnotes":""},"categories":[144872],"tags":[198535,72867,136391,212396,98570,104106,124349,212395,307,172302,203616,202,200581,373],"class_list":["post-939043","post","type-post","status-publish","format-standard","has-post-thumbnail","hentry","category-fashion","tag-_syndication_noshow","tag-beauty","tag-beauty-tips","tag-favorite-scents","tag-fragrance","tag-grooming","tag-hair-care","tag-hair-perfume","tag-personal-care","tag-product-recommendations","tag-scent","tag-shopping","tag-splitscreenimageleftfullbleed","tag-web"],"_links":{"self":[{"href":"https:\/\/dimensionturistica.com\/es\/wp-json\/wp\/v2\/posts\/939043","targetHints":{"allow":["GET"]}}],"collection":[{"href":"https:\/\/dimensionturistica.com\/es\/wp-json\/wp\/v2\/posts"}],"about":[{"href":"https:\/\/dimensionturistica.com\/es\/wp-json\/wp\/v2\/types\/post"}],"author":[{"embeddable":true,"href":"https:\/\/dimensionturistica.com\/es\/wp-json\/wp\/v2\/users\/4"}],"replies":[{"embeddable":true,"href":"https:\/\/dimensionturistica.com\/es\/wp-json\/wp\/v2\/comments?post=939043"}],"version-history":[{"count":0,"href":"https:\/\/dimensionturistica.com\/es\/wp-json\/wp\/v2\/posts\/939043\/revisions"}],"wp:featuredmedia":[{"embeddable":true,"href":"https:\/\/dimensionturistica.com\/es\/wp-json\/wp\/v2\/media\/939044"}],"wp:attachment":[{"href":"https:\/\/dimensionturistica.com\/es\/wp-json\/wp\/v2\/media?parent=939043"}],"wp:term":[{"taxonomy":"category","embeddable":true,"href":"https:\/\/dimensionturistica.com\/es\/wp-json\/wp\/v2\/categories?post=939043"},{"taxonomy":"post_tag","embeddable":true,"href":"https:\/\/dimensionturistica.com\/es\/wp-json\/wp\/v2\/tags?post=939043"}],"curies":[{"name":"wp","href":"https:\/\/api.w.org\/{rel}","templated":true}]}}