{"id":93874,"date":"2021-03-10T23:34:31","date_gmt":"2021-03-10T23:34:31","guid":{"rendered":"https:\/\/dimensionturistica.com\/es\/?p=93874"},"modified":"2021-03-10T23:34:32","modified_gmt":"2021-03-10T23:34:32","slug":"que-es-el-pasaporte-de-virus-el-documento-que-aerolineas-e-industria-turistica-demandan-a-biden","status":"publish","type":"post","link":"https:\/\/dimensionturistica.com\/es\/que-es-el-pasaporte-de-virus-el-documento-que-aerolineas-e-industria-turistica-demandan-a-biden\/","title":{"rendered":"Qu\u00e9 es el \u201cpasaporte de virus\u201d, el documento que aerol\u00edneas e industria tur\u00edstica demandan a Biden"},"content":{"rendered":"<p> <br \/>\n<\/p>\n<div>\n<p>Las principales aerol\u00edneas y grupos empresariales est\u00e1n pidiendo a la administraci\u00f3n de Biden que desarrolle <strong>credenciales temporales que permitan a los viajeros demostrar que han sido evaluados y vacunados contra la Covid-19<\/strong>.<\/p>\n<p>La postura que han asumido las compa\u00f1\u00edas a\u00e9reas tiene el fin de reactivar el gasto en viajes y hoteler\u00eda, ambos sectores ha estado diezmado por la pandemia.<\/p>\n<p>Varios grupos y pa\u00edses est\u00e1n trabajando en el <strong>desarrollo de los llamados pasaportes de vacunas destinados a permitir m\u00e1s viajes<\/strong>.<\/p>\n<p>Por medio de una carta las organizaciones del sector pidieron a la Casa Blanca que \u201ces crucial <strong>establecer una gu\u00eda uniforme con el fin de tener claros los criterios a seguir<\/strong>\u201d.<\/p>\n<p>Sin embargo, los grupos dijeron que la vacunaci\u00f3n no deber\u00eda ser un requisito para los viajes nacionales o internacionales.<\/p>\n<p>La Organizaci\u00f3n Mundial de la Salud y el brazo de aviaci\u00f3n de las Naciones Unidas est\u00e1n trabajando en el tipo de informaci\u00f3n que se debe incluir en una credencial que pudiera fungir como pasaporte de viaje.<\/p>\n<p>Las aerol\u00edneas est\u00e1n interesadas \u200b\u200ben que los Centros para el Management y la Prevenci\u00f3n de Enfermedades tomen un papel de liderazgo, ya que creen que <strong>eso aumentar\u00eda la certeza de que la informaci\u00f3n en las credenciales es leg\u00edtima<\/strong>.<\/p>\n<p>A pesar de que todav\u00eda se est\u00e1 trabajando en el tema, muchos proponen que la clave para dejar viajar es la emisi\u00f3n de certificados de vacunaci\u00f3n digitales que est\u00e9n cargados en los tel\u00e9fonos inteligentes.<\/p>\n<p><strong>Tambi\u00e9n te puede interesar: <\/strong><a rel=\"nofollow noopener\" target=\"_blank\" href=\"https:\/\/laopinion.com\/2021\/03\/02\/la-industria-del-turismo-y-viajes-parece-mostrar-signos-de-recuperacion-a-medida-que-avanza-la-vacunacion-contra-covid-19\/\">La industria del turismo y viajes parece mostrar signos de recuperaci\u00f3n a medida que avanza la vacunaci\u00f3n contra Covid-19<\/a><\/p>\n<\/p><\/div>\n\n<p><em> &#8221; Fuentes laopinion.com &#8221; <\/em><\/p>\n","protected":false},"excerpt":{"rendered":"<p>Las principales aerol\u00edneas y grupos empresariales est\u00e1n pidiendo a la administraci\u00f3n de Biden que desarrolle credenciales temporales que permitan a los viajeros demostrar que han sido evaluados y vacunados contra la Covid-19. La postura que han asumido las compa\u00f1\u00edas a\u00e9reas tiene el fin de reactivar el gasto en viajes y hoteler\u00eda, ambos sectores ha estado [&hellip;]<\/p>\n","protected":false},"author":4,"featured_media":93875,"comment_status":"open","ping_status":"closed","sticky":false,"template":"","format":"standard","meta":{"om_disable_all_campaigns":false,"jnews-multi-image_gallery":[],"jnews_single_post":[],"jnews_primary_category":[],"jnews_social_meta":[],"footnotes":""},"categories":[40],"tags":[510],"class_list":["post-93874","post","type-post","status-publish","format-standard","has-post-thumbnail","hentry","category-industria","tag-covid-19"],"_links":{"self":[{"href":"https:\/\/dimensionturistica.com\/es\/wp-json\/wp\/v2\/posts\/93874","targetHints":{"allow":["GET"]}}],"collection":[{"href":"https:\/\/dimensionturistica.com\/es\/wp-json\/wp\/v2\/posts"}],"about":[{"href":"https:\/\/dimensionturistica.com\/es\/wp-json\/wp\/v2\/types\/post"}],"author":[{"embeddable":true,"href":"https:\/\/dimensionturistica.com\/es\/wp-json\/wp\/v2\/users\/4"}],"replies":[{"embeddable":true,"href":"https:\/\/dimensionturistica.com\/es\/wp-json\/wp\/v2\/comments?post=93874"}],"version-history":[{"count":0,"href":"https:\/\/dimensionturistica.com\/es\/wp-json\/wp\/v2\/posts\/93874\/revisions"}],"wp:featuredmedia":[{"embeddable":true,"href":"https:\/\/dimensionturistica.com\/es\/wp-json\/wp\/v2\/media\/93875"}],"wp:attachment":[{"href":"https:\/\/dimensionturistica.com\/es\/wp-json\/wp\/v2\/media?parent=93874"}],"wp:term":[{"taxonomy":"category","embeddable":true,"href":"https:\/\/dimensionturistica.com\/es\/wp-json\/wp\/v2\/categories?post=93874"},{"taxonomy":"post_tag","embeddable":true,"href":"https:\/\/dimensionturistica.com\/es\/wp-json\/wp\/v2\/tags?post=93874"}],"curies":[{"name":"wp","href":"https:\/\/api.w.org\/{rel}","templated":true}]}}