{"id":93864,"date":"2021-03-10T23:22:18","date_gmt":"2021-03-10T23:22:18","guid":{"rendered":"https:\/\/dimensionturistica.com\/es\/?p=93864"},"modified":"2021-03-10T23:22:18","modified_gmt":"2021-03-10T23:22:18","slug":"amawaterways-presenta-el-crucero-fluvial-mas-largo-de-la-historia","status":"publish","type":"post","link":"https:\/\/dimensionturistica.com\/es\/amawaterways-presenta-el-crucero-fluvial-mas-largo-de-la-historia\/","title":{"rendered":"AmaWaterways presenta el crucero fluvial m\u00e1s largo de la historia"},"content":{"rendered":"<p> <br \/>\n<\/p>\n<div style=\"margin-top:0px;\">\n<p><span id=\"more-88199\"\/><strong>Por CruisesNews Media Group<\/strong><\/p>\n<hr\/>\n<p style=\"text-align: justify;\"><strong>AmaWaterways<\/strong> anunci\u00f3 el itinerario de crucero fluvial m\u00e1s largo de su historia, su nuevo<strong> Viaje por los Siete R\u00edos por Europa.<\/strong><\/p>\n<p style=\"text-align: justify;\"><img decoding=\"async\" loading=\"lazy\" class=\"alignright  wp-image-88200\" src=\"https:\/\/dimensionturistica.com\/es\/wp-content\/uploads\/2021\/03\/AmaWaterways-presenta-el-crucero-fluvial-mas-largo-de-la-historia.jpg\" alt=\"\" width=\"439\" height=\"247\"  \/>Esta experiencia de 46 noches llevar\u00e1 a 144 hu\u00e9spedes a trav\u00e9s de 14 pa\u00edses en cuatro de los galardonados barcos de la l\u00ednea de cruceros fluviales de lujo.<\/p>\n<p style=\"text-align: justify;\">Especialmente dise\u00f1ado por el presidente de la compa\u00f1\u00eda, Rudi Schreiner, el viaje comienza el 1 de junio de 2023. Las reservas se abren para el p\u00fablico el 15 de marzo.<\/p>\n<p style=\"text-align: justify;\">En su viaje, los pasajeros podr\u00e1n elegir entre m\u00e1s de 130 excursiones gratuitas, muchas de ellas totalmente nuevas y experiencias exclusivas. Adem\u00e1s el Viaje por los Siete R\u00edos tambi\u00e9n incluir\u00e1 transferencias entre los barcos; servicio de lavander\u00eda; todas las propinas a bordo y durante las excursiones en tierra; y un gerente de crucero dedicado que guiar\u00e1 personalmente a los pasajeros a lo largo de sus 46 noches a bordo.<\/p>\n<p style=\"text-align: justify;\">El itinerario completo de esta escapada de 2023, que navega en cuatro barcos AmaWaterways incluye del 1 al 8 de junio: R\u00edo Sena \u2013 Francia (AmaLyra) \u2013 Viaje de ida y vuelta a Par\u00eds, Francia.<\/p>\n<p style=\"text-align: justify;\">Del 8 al 13 de junio: R\u00edos Saona y R\u00f3dano \u2013 Francia (AmaKristina) \u2013 De Lyon a Tarasc\u00f3n, Francia<\/p>\n<p style=\"text-align: justify;\">Del 13 de junio al 4 de julio: r\u00edos Rin, Mosela y Meno \u2013 Suiza, Alemania, Francia, B\u00e9lgica, Luxemburgo y Pa\u00edses Bajos (AmaPrima) \u2013 Basilea, Suiza a \u00c1msterdam, Pa\u00edses Bajos a Vilshofen, Alemania<\/p>\n<p style=\"text-align: justify;\">Del 4 al 17 de julio: R\u00edo Danubio \u2013 Alemania, Austria, Rep\u00fablica Checa, Eslovaquia, Hungr\u00eda, Croacia, Serbia, Bulgaria y Ruman\u00eda (AmaVerde) \u2013 Vilshofen, Alemania a Giurgiu, Ruman\u00eda<\/p>\n<p style=\"text-align: justify;\">Los aspectos m\u00e1s destacados incluyen la navegaci\u00f3n a trav\u00e9s de la rom\u00e1ntica ciudad de Par\u00eds, aventurarse a las hist\u00f3ricas playas del desembarco del D\u00eda D en Normand\u00eda, una visita exclusiva al Castillo de Lahneck en Alemania, y visitar las maravillas fuera de lo com\u00fan en pa\u00edses como Croacia, Serbia, Bulgaria y Rumania.<\/p>\n<hr\/>\n<p>\t\t<!-- banner cruises --><\/p>\n<p><a rel=\"nofollow noopener\" target=\"_blank\" href=\"https:\/\/cruisesnews.es\/\"><br \/>\n\t<img decoding=\"async\" src=\"https:\/\/dimensionturistica.com\/es\/wp-content\/uploads\/2020\/10\/Mundomar-Cruceros-incorpora-a-CroisiEurope-a-su-catalogo-de-lineas.jpg\"\/><br \/>\n\t<\/a><\/p>\n<p>\t<!-- end banner --><\/p>\n<p>\t\t <!-- banner --><br \/>\n\t <!-- \n\n<div style=\"margin-top: 15px;\"><\/div>\n\n\n<a rel=\"nofollow noopener\" target=\"_blank\" href=\"https:\/\/www.linkedin.com\/company\/portalcruceros-cl\/\">\n\t<img decoding=\"async\" src=\"https:\/\/dimensionturistica.com\/es\/wp-content\/uploads\/2020\/09\/Knud-E-Hansen-disena-nuevo-crucero-de-expedicion-rompehielos.gif\" \/>\n\t<\/a> --><\/p>\n<p>\t<!-- banner end --><\/p>\n<p>\t\t <!-- notas relacionadas --><\/p>\n<hr\/>\n<p>\t\t   <!-- fin notas relacionadas --><\/p><\/div>\n\n<p><em> &#8221; Fuentes portalcruceros.cl &#8221; <\/em><\/p>\n","protected":false},"excerpt":{"rendered":"<p>Por CruisesNews Media Group AmaWaterways anunci\u00f3 el itinerario de crucero fluvial m\u00e1s largo de su historia, su nuevo Viaje por los Siete R\u00edos por Europa. Esta experiencia de 46 noches llevar\u00e1 a 144 hu\u00e9spedes a trav\u00e9s de 14 pa\u00edses en cuatro de los galardonados barcos de la l\u00ednea de cruceros fluviales de lujo. Especialmente dise\u00f1ado [&hellip;]<\/p>\n","protected":false},"author":4,"featured_media":93865,"comment_status":"open","ping_status":"closed","sticky":false,"template":"","format":"standard","meta":{"om_disable_all_campaigns":false,"jnews-multi-image_gallery":[],"jnews_single_post":[],"jnews_primary_category":[],"jnews_social_meta":[],"footnotes":""},"categories":[41],"tags":[],"class_list":["post-93864","post","type-post","status-publish","format-standard","has-post-thumbnail","hentry","category-cruceros"],"_links":{"self":[{"href":"https:\/\/dimensionturistica.com\/es\/wp-json\/wp\/v2\/posts\/93864","targetHints":{"allow":["GET"]}}],"collection":[{"href":"https:\/\/dimensionturistica.com\/es\/wp-json\/wp\/v2\/posts"}],"about":[{"href":"https:\/\/dimensionturistica.com\/es\/wp-json\/wp\/v2\/types\/post"}],"author":[{"embeddable":true,"href":"https:\/\/dimensionturistica.com\/es\/wp-json\/wp\/v2\/users\/4"}],"replies":[{"embeddable":true,"href":"https:\/\/dimensionturistica.com\/es\/wp-json\/wp\/v2\/comments?post=93864"}],"version-history":[{"count":0,"href":"https:\/\/dimensionturistica.com\/es\/wp-json\/wp\/v2\/posts\/93864\/revisions"}],"wp:featuredmedia":[{"embeddable":true,"href":"https:\/\/dimensionturistica.com\/es\/wp-json\/wp\/v2\/media\/93865"}],"wp:attachment":[{"href":"https:\/\/dimensionturistica.com\/es\/wp-json\/wp\/v2\/media?parent=93864"}],"wp:term":[{"taxonomy":"category","embeddable":true,"href":"https:\/\/dimensionturistica.com\/es\/wp-json\/wp\/v2\/categories?post=93864"},{"taxonomy":"post_tag","embeddable":true,"href":"https:\/\/dimensionturistica.com\/es\/wp-json\/wp\/v2\/tags?post=93864"}],"curies":[{"name":"wp","href":"https:\/\/api.w.org\/{rel}","templated":true}]}}